{"id":27,"count":1,"description":"Pr\u00f3b\u00e1ld ki konyhai tr\u00fckkjeimet, egy eml\u00e9kezetes k\u00f6z\u00f6s est\u00e9n ut\u00e1n keresd meg a kedvenc receptedet, ak\u00e1r egy\u00fctt is \u00fajra f\u0151zhetj\u00fck, de inspir\u00e1l\u00f3dhatsz a konyh\u00e1ban a m\u0171v\u00e9szetem \u00e1ltal.","link":"https:\/\/palinkaschef.hu\/en\/category\/receptek\/","name":"Receptek","slug":"receptek","taxonomy":"category","parent":0,"meta":[],"yoast_head":"<!-- This site is optimized with the Yoast SEO Premium plugin v26.9 (Yoast SEO v26.9) - https:\/\/yoast.com\/product\/yoast-seo-premium-wordpress\/ -->\n<title>Receptek Arch\u00edvum - P\u00e1link\u00e1s Chef<\/title>\n<meta name=\"robots\" content=\"index, follow, max-snippet:-1, max-image-preview:large, max-video-preview:-1\" \/>\n<link rel=\"canonical\" href=\"https:\/\/palinkaschef.hu\/en\/category\/receptek\/\" \/>\n<meta property=\"og:locale\" content=\"en_US\" \/>\n<meta property=\"og:type\" content=\"article\" \/>\n<meta property=\"og:title\" content=\"Receptek Arch\u00edvum\" \/>\n<meta property=\"og:description\" content=\"Pr\u00f3b\u00e1ld ki konyhai tr\u00fckkjeimet, egy eml\u00e9kezetes k\u00f6z\u00f6s est\u00e9n ut\u00e1n keresd meg a kedvenc receptedet, ak\u00e1r egy\u00fctt is \u00fajra f\u0151zhetj\u00fck, de inspir\u00e1l\u00f3dhatsz a konyh\u00e1ban a m\u0171v\u00e9szetem \u00e1ltal.\" \/>\n<meta property=\"og:url\" content=\"https:\/\/palinkaschef.hu\/en\/category\/receptek\/\" \/>\n<meta property=\"og:site_name\" content=\"P\u00e1link\u00e1s Chef\" \/>\n<meta name=\"twitter:card\" content=\"summary_large_image\" \/>\n<script type=\"application\/ld+json\" class=\"yoast-schema-graph\">{\"@context\":\"https:\/\/schema.org\",\"@graph\":[{\"@type\":\"CollectionPage\",\"@id\":\"https:\/\/palinkaschef.hu\/category\/receptek\/\",\"url\":\"https:\/\/palinkaschef.hu\/category\/receptek\/\",\"name\":\"Receptek Arch\u00edvum - P\u00e1link\u00e1s Chef\",\"isPartOf\":{\"@id\":\"https:\/\/palinkaschef.hu\/#website\"},\"breadcrumb\":{\"@id\":\"https:\/\/palinkaschef.hu\/category\/receptek\/#breadcrumb\"},\"inLanguage\":\"en-US\"},{\"@type\":\"BreadcrumbList\",\"@id\":\"https:\/\/palinkaschef.hu\/category\/receptek\/#breadcrumb\",\"itemListElement\":[{\"@type\":\"ListItem\",\"position\":1,\"name\":\"Kezd\u0151lap\",\"item\":\"https:\/\/palinkaschef.hu\/\"},{\"@type\":\"ListItem\",\"position\":2,\"name\":\"Receptek\"}]},{\"@type\":\"WebSite\",\"@id\":\"https:\/\/palinkaschef.hu\/#website\",\"url\":\"https:\/\/palinkaschef.hu\/\",\"name\":\"P\u00e1link\u00e1s Chef\",\"description\":\"Priv\u00e1t Chef\",\"publisher\":{\"@id\":\"https:\/\/palinkaschef.hu\/#organization\"},\"potentialAction\":[{\"@type\":\"SearchAction\",\"target\":{\"@type\":\"EntryPoint\",\"urlTemplate\":\"https:\/\/palinkaschef.hu\/?s={search_term_string}\"},\"query-input\":{\"@type\":\"PropertyValueSpecification\",\"valueRequired\":true,\"valueName\":\"search_term_string\"}}],\"inLanguage\":\"en-US\"},{\"@type\":\"Organization\",\"@id\":\"https:\/\/palinkaschef.hu\/#organization\",\"name\":\"P\u00e1link\u00e1s Chef\",\"url\":\"https:\/\/palinkaschef.hu\/\",\"logo\":{\"@type\":\"ImageObject\",\"inLanguage\":\"en-US\",\"@id\":\"https:\/\/palinkaschef.hu\/#\/schema\/logo\/image\/\",\"url\":\"https:\/\/palinkaschef.hu\/wp-content\/uploads\/2025\/08\/palinkaschef.hu_.png\",\"contentUrl\":\"https:\/\/palinkaschef.hu\/wp-content\/uploads\/2025\/08\/palinkaschef.hu_.png\",\"width\":1080,\"height\":1080,\"caption\":\"P\u00e1link\u00e1s Chef\"},\"image\":{\"@id\":\"https:\/\/palinkaschef.hu\/#\/schema\/logo\/image\/\"}}]}<\/script>\n<!-- \/ Yoast SEO Premium plugin. -->","yoast_head_json":{"title":"Receptek Arch\u00edvum - P\u00e1link\u00e1s Chef","robots":{"index":"index","follow":"follow","max-snippet":"max-snippet:-1","max-image-preview":"max-image-preview:large","max-video-preview":"max-video-preview:-1"},"canonical":"https:\/\/palinkaschef.hu\/en\/category\/receptek\/","og_locale":"en_US","og_type":"article","og_title":"Receptek Arch\u00edvum","og_description":"Pr\u00f3b\u00e1ld ki konyhai tr\u00fckkjeimet, egy eml\u00e9kezetes k\u00f6z\u00f6s est\u00e9n ut\u00e1n keresd meg a kedvenc receptedet, ak\u00e1r egy\u00fctt is \u00fajra f\u0151zhetj\u00fck, de inspir\u00e1l\u00f3dhatsz a konyh\u00e1ban a m\u0171v\u00e9szetem \u00e1ltal.","og_url":"https:\/\/palinkaschef.hu\/en\/category\/receptek\/","og_site_name":"P\u00e1link\u00e1s Chef","twitter_card":"summary_large_image","schema":{"@context":"https:\/\/schema.org","@graph":[{"@type":"CollectionPage","@id":"https:\/\/palinkaschef.hu\/category\/receptek\/","url":"https:\/\/palinkaschef.hu\/category\/receptek\/","name":"Receptek Arch\u00edvum - P\u00e1link\u00e1s Chef","isPartOf":{"@id":"https:\/\/palinkaschef.hu\/#website"},"breadcrumb":{"@id":"https:\/\/palinkaschef.hu\/category\/receptek\/#breadcrumb"},"inLanguage":"en-US"},{"@type":"BreadcrumbList","@id":"https:\/\/palinkaschef.hu\/category\/receptek\/#breadcrumb","itemListElement":[{"@type":"ListItem","position":1,"name":"Kezd\u0151lap","item":"https:\/\/palinkaschef.hu\/"},{"@type":"ListItem","position":2,"name":"Receptek"}]},{"@type":"WebSite","@id":"https:\/\/palinkaschef.hu\/#website","url":"https:\/\/palinkaschef.hu\/","name":"P\u00e1link\u00e1s Chef","description":"Priv\u00e1t Chef","publisher":{"@id":"https:\/\/palinkaschef.hu\/#organization"},"potentialAction":[{"@type":"SearchAction","target":{"@type":"EntryPoint","urlTemplate":"https:\/\/palinkaschef.hu\/?s={search_term_string}"},"query-input":{"@type":"PropertyValueSpecification","valueRequired":true,"valueName":"search_term_string"}}],"inLanguage":"en-US"},{"@type":"Organization","@id":"https:\/\/palinkaschef.hu\/#organization","name":"P\u00e1link\u00e1s Chef","url":"https:\/\/palinkaschef.hu\/","logo":{"@type":"ImageObject","inLanguage":"en-US","@id":"https:\/\/palinkaschef.hu\/#\/schema\/logo\/image\/","url":"https:\/\/palinkaschef.hu\/wp-content\/uploads\/2025\/08\/palinkaschef.hu_.png","contentUrl":"https:\/\/palinkaschef.hu\/wp-content\/uploads\/2025\/08\/palinkaschef.hu_.png","width":1080,"height":1080,"caption":"P\u00e1link\u00e1s Chef"},"image":{"@id":"https:\/\/palinkaschef.hu\/#\/schema\/logo\/image\/"}}]}},"_links":{"self":[{"href":"https:\/\/palinkaschef.hu\/en\/wp-json\/wp\/v2\/categories\/27","targetHints":{"allow":["GET"]}}],"collection":[{"href":"https:\/\/palinkaschef.hu\/en\/wp-json\/wp\/v2\/categories"}],"about":[{"href":"https:\/\/palinkaschef.hu\/en\/wp-json\/wp\/v2\/taxonomies\/category"}],"wp:post_type":[{"href":"https:\/\/palinkaschef.hu\/en\/wp-json\/wp\/v2\/posts?categories=27"}],"curies":[{"name":"wp","href":"https:\/\/api.w.org\/{rel}","templated":true}]}}