{"id":2111,"date":"2026-01-29T20:24:11","date_gmt":"2026-01-29T19:24:11","guid":{"rendered":"https:\/\/palinkaschef.hu\/?p=2111"},"modified":"2026-02-10T09:07:14","modified_gmt":"2026-02-10T08:07:14","slug":"palinka-az-asztalon","status":"publish","type":"post","link":"https:\/\/palinkaschef.hu\/de\/palinka-az-asztalon\/","title":{"rendered":"P\u00e1linka auf dem Tisch"},"content":{"rendered":"<div data-elementor-type=\"wp-post\" data-elementor-id=\"2111\" class=\"elementor elementor-2111\" data-elementor-post-type=\"post\">\n\t\t\t\t<div class=\"elementor-element elementor-element-5d2ab80 e-flex e-con-boxed e-con e-parent\" data-id=\"5d2ab80\" data-element_type=\"container\" data-e-type=\"container\" data-settings=\"{&quot;background_background&quot;:&quot;gradient&quot;}\">\n\t\t\t\t\t<div class=\"e-con-inner\">\n\t\t<div class=\"elementor-element elementor-element-3b6420f e-con-full e-flex e-con e-child\" data-id=\"3b6420f\" data-element_type=\"container\" data-e-type=\"container\">\n\t\t<div class=\"elementor-element elementor-element-9fc5178 e-flex e-con-boxed e-con e-child\" data-id=\"9fc5178\" data-element_type=\"container\" data-e-type=\"container\">\n\t\t\t\t\t<div class=\"e-con-inner\">\n\t\t<div class=\"elementor-element elementor-element-8475d13 e-con-full e-flex e-con e-child\" data-id=\"8475d13\" data-element_type=\"container\" data-e-type=\"container\">\n\t\t\t\t<\/div>\n\t\t<div class=\"elementor-element elementor-element-b8fc4e6 e-con-full e-flex e-con e-child\" data-id=\"b8fc4e6\" data-element_type=\"container\" data-e-type=\"container\">\n\t\t\t\t<div class=\"elementor-element elementor-element-57df17d elementor-widget elementor-widget-hfe-infocard\" data-id=\"57df17d\" data-element_type=\"widget\" data-e-type=\"widget\" data-widget_type=\"hfe-infocard.default\">\n\t\t\t\t<div class=\"elementor-widget-container\">\n\t\t\t\t\t\n\t\t<div class=\"hfe-infocard\">\n\t\t\t\t\t\t\t\t\t<div class=\"hfe-infocard-title-wrap\">\n\t\t\t\t<h2 class=\"hfe-infocard-title elementor-inline-editing\" data-elementor-setting-key=\"infocard_title\" data-elementor-inline-editing-toolbar=\"basic\" >P\u00e1linka auf dem Tisch \u2013 wie man ihn elegant serviert, ohne \u201ezu viel\u201c zu sein<\/h2>\t\t\t<\/div>\n\t\t\t\t\t\t<div class=\"hfe-infocard-text-wrap\">\n\t\t\t\t<div class=\"hfe-infocard-text elementor-inline-editing\" data-elementor-setting-key=\"infocard_description\" data-elementor-inline-editing-toolbar=\"advanced\">\n\t\t\t\t\t\t\t\t\t<\/div>\n\t\t\t\t\t\t\t<\/div>\n\t\t<\/div>\n\n\t\t\t\t\t\t<\/div>\n\t\t\t\t<\/div>\n\t\t\t\t<div class=\"elementor-element elementor-element-5981118 elementor-widget elementor-widget-image\" data-id=\"5981118\" data-element_type=\"widget\" data-e-type=\"widget\" data-widget_type=\"image.default\">\n\t\t\t\t<div class=\"elementor-widget-container\">\n\t\t\t\t\t\t\t\t\t\t\t\t\t\t\t<img decoding=\"async\" width=\"200\" height=\"35\" src=\"https:\/\/palinkaschef.hu\/wp-content\/uploads\/2025\/08\/divider-free-img-1.png\" class=\"attachment-full size-full wp-image-1069\" alt=\"c\u00e9ges rendezv\u00e9ny priv\u00e1t s\u00e9ffel k\u00fcl\u00f6nleges vacsora \u00e9lm\u00e9ny sommelier szolg\u00e1ltat\u00e1s felszolg\u00e1l\u00e1s priv\u00e1t vacsor\u00e1hoz otthoni borvacsora gasztron\u00f3miai show s\u00e9ffel\" \/>\t\t\t\t\t\t\t\t\t\t\t\t\t\t\t<\/div>\n\t\t\t\t<\/div>\n\t\t\t\t<\/div>\n\t\t<div class=\"elementor-element elementor-element-b92dff9 e-con-full elementor-hidden-mobile e-flex e-con e-child\" data-id=\"b92dff9\" data-element_type=\"container\" data-e-type=\"container\">\n\t\t\t\t<\/div>\n\t\t\t\t\t<\/div>\n\t\t\t\t<\/div>\n\t\t<div class=\"elementor-element elementor-element-7144cbc e-flex e-con-boxed e-con e-child\" data-id=\"7144cbc\" data-element_type=\"container\" data-e-type=\"container\">\n\t\t\t\t\t<div class=\"e-con-inner\">\n\t\t<div class=\"elementor-element elementor-element-bf9f461 e-con-full elementor-hidden-mobile e-flex e-con e-child\" data-id=\"bf9f461\" data-element_type=\"container\" data-e-type=\"container\">\n\t\t\t\t<\/div>\n\t\t<div class=\"elementor-element elementor-element-ebaac3c e-con-full e-flex e-con e-child\" data-id=\"ebaac3c\" data-element_type=\"container\" data-e-type=\"container\">\n\t\t\t\t<div class=\"elementor-element elementor-element-5e64db6 elementor-widget elementor-widget-text-editor\" data-id=\"5e64db6\" data-element_type=\"widget\" data-e-type=\"widget\" data-widget_type=\"text-editor.default\">\n\t\t\t\t<div class=\"elementor-widget-container\">\n\t\t\t\t\t\t\t\t\t<p>Viele Menschen kennen zwei Extreme, wenn es um P\u00e1linka geht: entweder \u201enur einen Schnaps\u201c oder ein festliches Relikt auf dem Schrank. Aber P\u00e1linka ist am besten, wenn er Kultur hat: zur richtigen Zeit, in der richtigen Menge, zum richtigen Essen.<\/p>\t\t\t\t\t\t\t\t<\/div>\n\t\t\t\t<\/div>\n\t\t\t\t<div class=\"elementor-element elementor-element-882dadd elementor-widget elementor-widget-text-editor\" data-id=\"882dadd\" data-element_type=\"widget\" data-e-type=\"widget\" data-widget_type=\"text-editor.default\">\n\t\t\t\t<div class=\"elementor-widget-container\">\n\t\t\t\t\t\t\t\t\t<p><strong>3 Regeln, die alles ver\u00e4ndern<\/strong><\/p><ol><li>Fangen wir nicht am Ende an.<br \/>P\u00e1linka ist nicht nur zum \u201eAusklang des Abends\u201c geeignet. Bestimmte Sorten (fruchtig, rein, aromatisch) k\u00f6nnen auch den Abend auf delikate Weise einl\u00e4uten \u2013 in kleinen Mengen.<\/li><li>Kleiner Schluck, gro\u00dfe Aufmerksamkeit<br \/>P\u00e1linka ist kein Wettbewerb. Es ist eher ein Gespr\u00e4chsaufh\u00e4nger. Ein Schluck, eine Geschichte: Welche Frucht, welcher Jahrgang, welcher Charakter.<\/li><li>Machen Sie es nicht zu stark im Vergleich zum Essen.<br \/>Wenn wir P\u00e1linka zum Essen servieren, muss auch das Essen mithalten k\u00f6nnen. In diesem Fall passen rauchige, ger\u00f6stete, buttrige, nussige und s\u00e4uerliche Elemente gut dazu \u2013 ebenso wie die richtige Temperatur.<\/li><\/ol><p><strong>Ideen f\u00fcr Mini-Kombinationen (super einfach)<\/strong><\/p><ul><li>Birne + Blauschimmelk\u00e4se \/ Waln\u00fcsse \/ gebackene Birne<\/li><li>Pflaume + Ente, w\u00fcrzige Gerichte \/ Schokoladendessert<\/li><li>Pfirsich + Butter, Mandel, Vanillearoma<\/li><\/ul>\t\t\t\t\t\t\t\t<\/div>\n\t\t\t\t<\/div>\n\t\t\t\t<div class=\"elementor-element elementor-element-f5da034 elementor-align-center elementor-mobile-align-center elementor-tablet-align-center elementor-widget elementor-widget-button\" data-id=\"f5da034\" data-element_type=\"widget\" data-e-type=\"widget\" data-widget_type=\"button.default\">\n\t\t\t\t<div class=\"elementor-widget-container\">\n\t\t\t\t\t\t\t\t\t<div class=\"elementor-button-wrapper\">\n\t\t\t\t\t<a class=\"elementor-button elementor-button-link elementor-size-md\" href=\"https:\/\/palinkaschef.hu\/de\/kapcsolat\/\">\n\t\t\t\t\t\t<span class=\"elementor-button-content-wrapper\">\n\t\t\t\t\t\t\t\t\t<span class=\"elementor-button-text\">Wenn Sie m\u00f6chten, dass der P\u00e1linka nicht nur eine \u201eNebenrolle\u201c spielt, sondern ein eleganter Bestandteil des Abends ist, stelle ich Ihnen gerne ein passendes Men\u00fc zusammen.<\/span>\n\t\t\t\t\t<\/span>\n\t\t\t\t\t<\/a>\n\t\t\t\t<\/div>\n\t\t\t\t\t\t\t\t<\/div>\n\t\t\t\t<\/div>\n\t\t\t\t<\/div>\n\t\t<div class=\"elementor-element elementor-element-02671c5 e-con-full elementor-hidden-mobile e-flex e-con e-child\" data-id=\"02671c5\" data-element_type=\"container\" data-e-type=\"container\">\n\t\t\t\t<\/div>\n\t\t\t\t\t<\/div>\n\t\t\t\t<\/div>\n\t\t<div class=\"elementor-element elementor-element-d30bb47 e-flex e-con-boxed e-con e-child\" data-id=\"d30bb47\" data-element_type=\"container\" data-e-type=\"container\">\n\t\t\t\t\t<div class=\"e-con-inner\">\n\t\t<div class=\"elementor-element elementor-element-8490a99 e-con-full e-flex e-con e-child\" data-id=\"8490a99\" data-element_type=\"container\" data-e-type=\"container\">\n\t\t\t\t<\/div>\n\t\t<div class=\"elementor-element elementor-element-fdd5e59 e-con-full e-flex e-con e-child\" data-id=\"fdd5e59\" data-element_type=\"container\" data-e-type=\"container\">\n\t\t\t\t<div class=\"elementor-element elementor-element-1bf1dec elementor-arrows-position-inside elementor-widget elementor-widget-image-carousel\" data-id=\"1bf1dec\" data-element_type=\"widget\" data-e-type=\"widget\" data-settings=\"{&quot;slides_to_show&quot;:&quot;1&quot;,&quot;navigation&quot;:&quot;arrows&quot;,&quot;autoplay&quot;:&quot;yes&quot;,&quot;pause_on_hover&quot;:&quot;yes&quot;,&quot;pause_on_interaction&quot;:&quot;yes&quot;,&quot;autoplay_speed&quot;:5000,&quot;infinite&quot;:&quot;yes&quot;,&quot;effect&quot;:&quot;slide&quot;,&quot;speed&quot;:500}\" data-widget_type=\"image-carousel.default\">\n\t\t\t\t<div class=\"elementor-widget-container\">\n\t\t\t\t\t\t\t<div class=\"elementor-image-carousel-wrapper swiper\" role=\"region\" aria-roledescription=\"carousel\" aria-label=\"Image Carousel\" dir=\"ltr\">\n\t\t\t<div class=\"elementor-image-carousel swiper-wrapper\" aria-live=\"off\">\n\t\t\t\t\t\t\t\t<div class=\"swiper-slide\" role=\"group\" aria-roledescription=\"slide\" aria-label=\"1 \/ 4\"><figure class=\"swiper-slide-inner\"><img decoding=\"async\" class=\"swiper-slide-image\" src=\"https:\/\/palinkaschef.hu\/wp-content\/uploads\/2025\/10\/P1112911-1-scaled.jpg\" alt=\"priv\u00e1t s\u00e9f priv\u00e1t s\u00e9f Budapest s\u00e9f otthon s\u00e9f rendel\u00e9s h\u00e1zhoz szem\u00e9lyes s\u00e9f szolg\u00e1ltat\u00e1s priv\u00e1t vacsora otthon s\u00e9f \u00e9lm\u00e9ny otthon otthoni s\u00e9f szolg\u00e1ltat\u00e1s\" \/><\/figure><\/div><div class=\"swiper-slide\" role=\"group\" aria-roledescription=\"slide\" aria-label=\"2 \/ 4\"><figure class=\"swiper-slide-inner\"><img decoding=\"async\" class=\"swiper-slide-image\" src=\"https:\/\/palinkaschef.hu\/wp-content\/uploads\/2025\/10\/P1123048-1-scaled.jpg\" alt=\"priv\u00e1t s\u00e9f priv\u00e1t s\u00e9f Budapest s\u00e9f otthon s\u00e9f rendel\u00e9s h\u00e1zhoz szem\u00e9lyes s\u00e9f szolg\u00e1ltat\u00e1s priv\u00e1t vacsora otthon s\u00e9f \u00e9lm\u00e9ny otthon otthoni s\u00e9f szolg\u00e1ltat\u00e1s\" \/><\/figure><\/div><div class=\"swiper-slide\" role=\"group\" aria-roledescription=\"slide\" aria-label=\"3 \/ 4\"><figure class=\"swiper-slide-inner\"><img decoding=\"async\" class=\"swiper-slide-image\" src=\"https:\/\/palinkaschef.hu\/wp-content\/uploads\/2025\/10\/P1112223-1-scaled.jpg\" alt=\"priv\u00e1t s\u00e9f priv\u00e1t s\u00e9f Budapest s\u00e9f otthon s\u00e9f rendel\u00e9s h\u00e1zhoz szem\u00e9lyes s\u00e9f szolg\u00e1ltat\u00e1s priv\u00e1t vacsora otthon s\u00e9f \u00e9lm\u00e9ny otthon otthoni s\u00e9f szolg\u00e1ltat\u00e1s\" \/><\/figure><\/div><div class=\"swiper-slide\" role=\"group\" aria-roledescription=\"slide\" aria-label=\"4 \/ 4\"><figure class=\"swiper-slide-inner\"><img decoding=\"async\" class=\"swiper-slide-image\" src=\"https:\/\/palinkaschef.hu\/wp-content\/uploads\/2025\/10\/P1005448-scaled.jpg\" alt=\"priv\u00e1t s\u00e9f priv\u00e1t s\u00e9f Budapest s\u00e9f otthon s\u00e9f rendel\u00e9s h\u00e1zhoz szem\u00e9lyes s\u00e9f szolg\u00e1ltat\u00e1s priv\u00e1t vacsora otthon s\u00e9f \u00e9lm\u00e9ny otthon otthoni s\u00e9f szolg\u00e1ltat\u00e1s\" \/><\/figure><\/div>\t\t\t<\/div>\n\t\t\t\t\t\t\t\t\t\t\t\t<div class=\"elementor-swiper-button elementor-swiper-button-prev\" role=\"button\" tabindex=\"0\">\n\t\t\t\t\t\t<i aria-hidden=\"true\" class=\"eicon-chevron-left\"><\/i>\t\t\t\t\t<\/div>\n\t\t\t\t\t<div class=\"elementor-swiper-button elementor-swiper-button-next\" role=\"button\" tabindex=\"0\">\n\t\t\t\t\t\t<i aria-hidden=\"true\" class=\"eicon-chevron-right\"><\/i>\t\t\t\t\t<\/div>\n\t\t\t\t\n\t\t\t\t\t\t\t\t\t<\/div>\n\t\t\t\t\t\t<\/div>\n\t\t\t\t<\/div>\n\t\t\t\t<\/div>\n\t\t<div class=\"elementor-element elementor-element-eecf041 e-con-full e-flex e-con e-child\" data-id=\"eecf041\" data-element_type=\"container\" data-e-type=\"container\">\n\t\t\t\t<\/div>\n\t\t\t\t\t<\/div>\n\t\t\t\t<\/div>\n\t\t\t\t<\/div>\n\t\t\t\t\t<\/div>\n\t\t\t\t<\/div>\n\t\t<div class=\"elementor-element elementor-element-2d51f74 e-flex e-con-boxed e-con e-parent\" data-id=\"2d51f74\" data-element_type=\"container\" data-e-type=\"container\">\n\t\t\t\t\t<div class=\"e-con-inner\">\n\t\t<div class=\"elementor-element elementor-element-9cb272b e-con-full e-flex e-con e-child\" data-id=\"9cb272b\" data-element_type=\"container\" data-e-type=\"container\">\n\t\t\t\t<div class=\"elementor-element elementor-element-4538b5c elementor-widget elementor-widget-hfe-infocard\" data-id=\"4538b5c\" data-element_type=\"widget\" data-e-type=\"widget\" data-widget_type=\"hfe-infocard.default\">\n\t\t\t\t<div class=\"elementor-widget-container\">\n\t\t\t\t\t\n\t\t<div class=\"hfe-infocard\">\n\t\t\t\t\t\t\t\t\t<div class=\"hfe-infocard-title-wrap\">\n\t\t\t\t<h2 class=\"hfe-infocard-title elementor-inline-editing\" data-elementor-setting-key=\"infocard_title\" data-elementor-inline-editing-toolbar=\"basic\" >Folgen Sie uns auf Facebook!<\/h2>\t\t\t<\/div>\n\t\t\t\t\t\t<div class=\"hfe-infocard-text-wrap\">\n\t\t\t\t<div class=\"hfe-infocard-text elementor-inline-editing\" data-elementor-setting-key=\"infocard_description\" data-elementor-inline-editing-toolbar=\"advanced\">\n\t\t\t\t\t\t\t\t\t<\/div>\n\t\t\t\t\t\t\t<\/div>\n\t\t<\/div>\n\n\t\t\t\t\t\t<\/div>\n\t\t\t\t<\/div>\n\t\t\t\t<div class=\"elementor-element elementor-element-8fff2e4 elementor-widget elementor-widget-text-editor\" data-id=\"8fff2e4\" data-element_type=\"widget\" data-e-type=\"widget\" data-widget_type=\"text-editor.default\">\n\t\t\t\t<div class=\"elementor-widget-container\">\n\t\t\t\t\t\t\t\t\t<p>Wenn Sie neugierig auf Einblicke hinter die Kulissen, neue kulinarische Erlebnisse, zus\u00e4tzliche gastronomische Ideen und aktuelle Ereignisse sind, dann treten Sie unserer Facebook-Community bei.<br data-start=\"318\" data-end=\"321\" \/>Dort finden Sie noch mehr pers\u00f6nliche Inhalte, Rezepte, Gedanken und Inspirationen \u2013 alles, was das Erlebnis \u00fcber den Blog hinaus bereichert.<\/p>\t\t\t\t\t\t\t\t<\/div>\n\t\t\t\t<\/div>\n\t\t\t\t<\/div>\n\t\t<div class=\"elementor-element elementor-element-6a3e33c e-con-full e-flex e-con e-child\" data-id=\"6a3e33c\" data-element_type=\"container\" data-e-type=\"container\">\n\t\t\t\t<div class=\"elementor-element elementor-element-5019f0e elementor-widget elementor-widget-facebook-page\" data-id=\"5019f0e\" data-element_type=\"widget\" data-e-type=\"widget\" data-widget_type=\"facebook-page.default\">\n\t\t\t\t<div class=\"elementor-widget-container\">\n\t\t\t\t\t<div class=\"elementor-facebook-widget fb-page\" data-href=\"https:\/\/www.facebook.com\/Palinkaschef\" data-tabs=\"timeline\" data-height=\"500px\" data-width=\"500px\" data-small-header=\"false\" data-hide-cover=\"false\" data-show-facepile=\"true\" data-hide-cta=\"false\" style=\"min-height: 1px;height:500px\"><\/div>\t\t\t\t<\/div>\n\t\t\t\t<\/div>\n\t\t\t\t<\/div>\n\t\t\t\t\t<\/div>\n\t\t\t\t<\/div>\n\t\t<div class=\"elementor-element elementor-element-2987cd9 e-flex e-con-boxed e-con e-parent\" data-id=\"2987cd9\" data-element_type=\"container\" data-e-type=\"container\">\n\t\t\t\t\t<div class=\"e-con-inner\">\n\t\t\t\t<div class=\"elementor-element elementor-element-3ef72a7 elementor-widget elementor-widget-hfe-infocard\" data-id=\"3ef72a7\" data-element_type=\"widget\" data-e-type=\"widget\" data-widget_type=\"hfe-infocard.default\">\n\t\t\t\t<div class=\"elementor-widget-container\">\n\t\t\t\t\t\n\t\t<div class=\"hfe-infocard\">\n\t\t\t\t\t\t\t\t\t<div class=\"hfe-infocard-title-wrap\">\n\t\t\t\t<h2 class=\"hfe-infocard-title elementor-inline-editing\" data-elementor-setting-key=\"infocard_title\" data-elementor-inline-editing-toolbar=\"basic\" >Olvass tov\u00e1bb<\/h2>\t\t\t<\/div>\n\t\t\t\t\t\t<div class=\"hfe-infocard-text-wrap\">\n\t\t\t\t<div class=\"hfe-infocard-text elementor-inline-editing\" data-elementor-setting-key=\"infocard_description\" data-elementor-inline-editing-toolbar=\"advanced\">\n\t\t\t\t\t\t\t\t\t<\/div>\n\t\t\t\t\t\t\t<\/div>\n\t\t<\/div>\n\n\t\t\t\t\t\t<\/div>\n\t\t\t\t<\/div>\n\t\t\t\t<div class=\"elementor-element elementor-element-ea103b5 elementor-grid-3 elementor-grid-tablet-2 elementor-grid-mobile-1 elementor-posts--thumbnail-top elementor-widget elementor-widget-posts\" data-id=\"ea103b5\" data-element_type=\"widget\" data-e-type=\"widget\" data-settings=\"{&quot;pagination_type&quot;:&quot;numbers&quot;,&quot;classic_columns&quot;:&quot;3&quot;,&quot;classic_columns_tablet&quot;:&quot;2&quot;,&quot;classic_columns_mobile&quot;:&quot;1&quot;,&quot;classic_row_gap&quot;:{&quot;unit&quot;:&quot;px&quot;,&quot;size&quot;:35,&quot;sizes&quot;:[]},&quot;classic_row_gap_tablet&quot;:{&quot;unit&quot;:&quot;px&quot;,&quot;size&quot;:&quot;&quot;,&quot;sizes&quot;:[]},&quot;classic_row_gap_mobile&quot;:{&quot;unit&quot;:&quot;px&quot;,&quot;size&quot;:&quot;&quot;,&quot;sizes&quot;:[]}}\" data-widget_type=\"posts.classic\">\n\t\t\t\t<div class=\"elementor-widget-container\">\n\t\t\t\t\t\t\t<div class=\"elementor-posts-container elementor-posts elementor-posts--skin-classic elementor-grid\" role=\"list\">\n\t\t\t\t<article class=\"elementor-post elementor-grid-item post-2171 post type-post status-publish format-standard has-post-thumbnail hentry category-esemenyek tag-disznovagas tag-disznovagas-budapest tag-disznovagas-esemeny tag-premium-disznovagas-budapesten\" role=\"listitem\">\n\t\t\t\t<a class=\"elementor-post__thumbnail__link\" href=\"https:\/\/palinkaschef.hu\/de\/premium-disznovagas-budapesten\/\" tabindex=\"-1\" >\n\t\t\t<div class=\"elementor-post__thumbnail\"><img fetchpriority=\"high\" decoding=\"async\" width=\"225\" height=\"300\" src=\"https:\/\/palinkaschef.hu\/wp-content\/uploads\/2026\/02\/image9-225x300.jpeg\" class=\"attachment-medium size-medium wp-image-2253\" alt=\"\" srcset=\"https:\/\/palinkaschef.hu\/wp-content\/uploads\/2026\/02\/image9-225x300.jpeg 225w, https:\/\/palinkaschef.hu\/wp-content\/uploads\/2026\/02\/image9-768x1024.jpeg 768w, https:\/\/palinkaschef.hu\/wp-content\/uploads\/2026\/02\/image9-1152x1536.jpeg 1152w, https:\/\/palinkaschef.hu\/wp-content\/uploads\/2026\/02\/image9-9x12.jpeg 9w, https:\/\/palinkaschef.hu\/wp-content\/uploads\/2026\/02\/image9.jpeg 1500w\" sizes=\"(max-width: 225px) 100vw, 225px\" \/><\/div>\n\t\t<\/a>\n\t\t\t\t<div class=\"elementor-post__text\">\n\t\t\t\t<h3 class=\"elementor-post__title\">\n\t\t\t<a href=\"https:\/\/palinkaschef.hu\/de\/premium-disznovagas-budapesten\/\" >\n\t\t\t\tPr\u00e9mium diszn\u00f3v\u00e1g\u00e1s Budapesten\t\t\t<\/a>\n\t\t<\/h3>\n\t\t\t\t<div class=\"elementor-post__meta-data\">\n\t\t\t\t\t<span class=\"elementor-post-date\">\n\t\t\t2026.02.10.\t\t<\/span>\n\t\t\t\t<span class=\"elementor-post-avatar\">\n\t\t\tKeine Kommentare\t\t<\/span>\n\t\t\t\t<\/div>\n\t\t\n\t\t<a class=\"elementor-post__read-more\" href=\"https:\/\/palinkaschef.hu\/de\/premium-disznovagas-budapesten\/\" aria-label=\"Read more about Pr\u00e9mium diszn\u00f3v\u00e1g\u00e1s Budapesten\" tabindex=\"-1\" >\n\t\t\tWeiterlesen \u00bb\t\t<\/a>\n\n\t\t\t\t<\/div>\n\t\t\t\t<\/article>\n\t\t\t\t<article class=\"elementor-post elementor-grid-item post-2137 post type-post status-publish format-standard has-post-thumbnail hentry category-gondolataim tag-nyari-etelek tag-oszi-etelek tag-szezon-etelek tag-teli-etelek\" role=\"listitem\">\n\t\t\t\t<a class=\"elementor-post__thumbnail__link\" href=\"https:\/\/palinkaschef.hu\/de\/szezon-a-tanyeron\/\" tabindex=\"-1\" >\n\t\t\t<div class=\"elementor-post__thumbnail\"><img decoding=\"async\" width=\"198\" height=\"300\" src=\"https:\/\/palinkaschef.hu\/wp-content\/uploads\/2025\/10\/P1123508-198x300.jpg\" class=\"attachment-medium size-medium wp-image-1780\" alt=\"priv\u00e1t s\u00e9f priv\u00e1t s\u00e9f Budapest s\u00e9f otthon s\u00e9f rendel\u00e9s h\u00e1zhoz szem\u00e9lyes s\u00e9f szolg\u00e1ltat\u00e1s priv\u00e1t vacsora otthon s\u00e9f \u00e9lm\u00e9ny otthon otthoni s\u00e9f szolg\u00e1ltat\u00e1s\" srcset=\"https:\/\/palinkaschef.hu\/wp-content\/uploads\/2025\/10\/P1123508-198x300.jpg 198w, https:\/\/palinkaschef.hu\/wp-content\/uploads\/2025\/10\/P1123508-677x1024.jpg 677w, https:\/\/palinkaschef.hu\/wp-content\/uploads\/2025\/10\/P1123508-768x1162.jpg 768w, https:\/\/palinkaschef.hu\/wp-content\/uploads\/2025\/10\/P1123508-1015x1536.jpg 1015w, https:\/\/palinkaschef.hu\/wp-content\/uploads\/2025\/10\/P1123508-1353x2048.jpg 1353w, https:\/\/palinkaschef.hu\/wp-content\/uploads\/2025\/10\/P1123508-8x12.jpg 8w, https:\/\/palinkaschef.hu\/wp-content\/uploads\/2025\/10\/P1123508-scaled.jpg 1692w\" sizes=\"(max-width: 198px) 100vw, 198px\" \/><\/div>\n\t\t<\/a>\n\t\t\t\t<div class=\"elementor-post__text\">\n\t\t\t\t<h3 class=\"elementor-post__title\">\n\t\t\t<a href=\"https:\/\/palinkaschef.hu\/de\/szezon-a-tanyeron\/\" >\n\t\t\t\tDie Jahreszeit auf dem Teller\t\t\t<\/a>\n\t\t<\/h3>\n\t\t\t\t<div class=\"elementor-post__meta-data\">\n\t\t\t\t\t<span class=\"elementor-post-date\">\n\t\t\t2026.01.29.\t\t<\/span>\n\t\t\t\t<span class=\"elementor-post-avatar\">\n\t\t\tKeine Kommentare\t\t<\/span>\n\t\t\t\t<\/div>\n\t\t\n\t\t<a class=\"elementor-post__read-more\" href=\"https:\/\/palinkaschef.hu\/de\/szezon-a-tanyeron\/\" aria-label=\"Read more about Szezon a t\u00e1ny\u00e9ron\" tabindex=\"-1\" >\n\t\t\tWeiterlesen \u00bb\t\t<\/a>\n\n\t\t\t\t<\/div>\n\t\t\t\t<\/article>\n\t\t\t\t<article class=\"elementor-post elementor-grid-item post-2122 post type-post status-publish format-standard has-post-thumbnail hentry category-esemenyek category-gondolataim tag-7-otlet tag-mire-figyelj tag-mire-szamits tag-privat-vacsora tag-szabalyok tag-tippek tag-trukkok\" role=\"listitem\">\n\t\t\t\t<a class=\"elementor-post__thumbnail__link\" href=\"https:\/\/palinkaschef.hu\/de\/privat-vacsora-otthon\/\" tabindex=\"-1\" >\n\t\t\t<div class=\"elementor-post__thumbnail\"><img loading=\"lazy\" decoding=\"async\" width=\"200\" height=\"300\" src=\"https:\/\/palinkaschef.hu\/wp-content\/uploads\/2025\/10\/P1123053-200x300.jpg\" class=\"attachment-medium size-medium wp-image-1903\" alt=\"priv\u00e1t s\u00e9f priv\u00e1t s\u00e9f Budapest s\u00e9f otthon s\u00e9f rendel\u00e9s h\u00e1zhoz szem\u00e9lyes s\u00e9f szolg\u00e1ltat\u00e1s priv\u00e1t vacsora otthon s\u00e9f \u00e9lm\u00e9ny otthon otthoni s\u00e9f szolg\u00e1ltat\u00e1s\" srcset=\"https:\/\/palinkaschef.hu\/wp-content\/uploads\/2025\/10\/P1123053-200x300.jpg 200w, https:\/\/palinkaschef.hu\/wp-content\/uploads\/2025\/10\/P1123053-683x1024.jpg 683w, https:\/\/palinkaschef.hu\/wp-content\/uploads\/2025\/10\/P1123053-768x1152.jpg 768w, https:\/\/palinkaschef.hu\/wp-content\/uploads\/2025\/10\/P1123053-1024x1536.jpg 1024w, https:\/\/palinkaschef.hu\/wp-content\/uploads\/2025\/10\/P1123053-1365x2048.jpg 1365w, https:\/\/palinkaschef.hu\/wp-content\/uploads\/2025\/10\/P1123053-8x12.jpg 8w, https:\/\/palinkaschef.hu\/wp-content\/uploads\/2025\/10\/P1123053-scaled.jpg 1707w\" sizes=\"(max-width: 200px) 100vw, 200px\" \/><\/div>\n\t\t<\/a>\n\t\t\t\t<div class=\"elementor-post__text\">\n\t\t\t\t<h3 class=\"elementor-post__title\">\n\t\t\t<a href=\"https:\/\/palinkaschef.hu\/de\/privat-vacsora-otthon\/\" >\n\t\t\t\tPrivates Abendessen zu Hause\t\t\t<\/a>\n\t\t<\/h3>\n\t\t\t\t<div class=\"elementor-post__meta-data\">\n\t\t\t\t\t<span class=\"elementor-post-date\">\n\t\t\t2026.01.29.\t\t<\/span>\n\t\t\t\t<span class=\"elementor-post-avatar\">\n\t\t\tKeine Kommentare\t\t<\/span>\n\t\t\t\t<\/div>\n\t\t\n\t\t<a class=\"elementor-post__read-more\" href=\"https:\/\/palinkaschef.hu\/de\/privat-vacsora-otthon\/\" aria-label=\"Read more about Priv\u00e1t vacsora otthon\" tabindex=\"-1\" >\n\t\t\tWeiterlesen \u00bb\t\t<\/a>\n\n\t\t\t\t<\/div>\n\t\t\t\t<\/article>\n\t\t\t\t<\/div>\n\t\t\n\t\t\t\t<div class=\"e-load-more-anchor\" data-page=\"1\" data-max-page=\"4\" data-next-page=\"https:\/\/palinkaschef.hu\/de\/wp-json\/wp\/v2\/posts\/2111\/page\/2\/\"><\/div>\n\t\t\t\t<nav class=\"elementor-pagination\" aria-label=\"Pagination\">\n\t\t\t<span aria-current=\"page\" class=\"page-numbers current\"><span class=\"elementor-screen-only\">Page<\/span>1<\/span>\n<a class=\"page-numbers\" href=\"https:\/\/palinkaschef.hu\/de\/wp-json\/wp\/v2\/posts\/2111\/page\/2\/\"><span class=\"elementor-screen-only\">Page<\/span>2<\/a>\n<a class=\"page-numbers\" href=\"https:\/\/palinkaschef.hu\/de\/wp-json\/wp\/v2\/posts\/2111\/page\/3\/\"><span class=\"elementor-screen-only\">Page<\/span>3<\/a>\n<a class=\"page-numbers\" href=\"https:\/\/palinkaschef.hu\/de\/wp-json\/wp\/v2\/posts\/2111\/page\/4\/\"><span class=\"elementor-screen-only\">Page<\/span>4<\/a>\t\t<\/nav>\n\t\t\t\t\t\t<\/div>\n\t\t\t\t<\/div>\n\t\t\t\t\t<\/div>\n\t\t\t\t<\/div>\n\t\t\t\t<\/div>","protected":false},"excerpt":{"rendered":"<p>P\u00e1linka auf dem Tisch \u2013 wie man ihn elegant serviert, ohne \u201ezu viel\u201c zu sein<\/p>","protected":false},"author":1,"featured_media":1887,"comment_status":"closed","ping_status":"closed","sticky":false,"template":"elementor_header_footer","format":"standard","meta":{"site-sidebar-layout":"default","site-content-layout":"","ast-site-content-layout":"default","site-content-style":"default","site-sidebar-style":"default","ast-global-header-display":"","ast-banner-title-visibility":"","ast-main-header-display":"","ast-hfb-above-header-display":"","ast-hfb-below-header-display":"","ast-hfb-mobile-header-display":"","site-post-title":"","ast-breadcrumbs-content":"","ast-featured-img":"","footer-sml-layout":"","ast-disable-related-posts":"","theme-transparent-header-meta":"","adv-header-id-meta":"","stick-header-meta":"","header-above-stick-meta":"","header-main-stick-meta":"","header-below-stick-meta":"","astra-migrate-meta-layouts":"set","ast-page-background-enabled":"default","ast-page-background-meta":{"desktop":{"background-color":"","background-image":"","background-repeat":"repeat","background-position":"center center","background-size":"auto","background-attachment":"scroll","background-type":"","background-media":"","overlay-type":"","overlay-color":"","overlay-opacity":"","overlay-gradient":""},"tablet":{"background-color":"","background-image":"","background-repeat":"repeat","background-position":"center center","background-size":"auto","background-attachment":"scroll","background-type":"","background-media":"","overlay-type":"","overlay-color":"","overlay-opacity":"","overlay-gradient":""},"mobile":{"background-color":"","background-image":"","background-repeat":"repeat","background-position":"center center","background-size":"auto","background-attachment":"scroll","background-type":"","background-media":"","overlay-type":"","overlay-color":"","overlay-opacity":"","overlay-gradient":""}},"ast-content-background-meta":{"desktop":{"background-color":"var(--ast-global-color-5)","background-image":"","background-repeat":"repeat","background-position":"center center","background-size":"auto","background-attachment":"scroll","background-type":"","background-media":"","overlay-type":"","overlay-color":"","overlay-opacity":"","overlay-gradient":""},"tablet":{"background-color":"var(--ast-global-color-5)","background-image":"","background-repeat":"repeat","background-position":"center center","background-size":"auto","background-attachment":"scroll","background-type":"","background-media":"","overlay-type":"","overlay-color":"","overlay-opacity":"","overlay-gradient":""},"mobile":{"background-color":"var(--ast-global-color-5)","background-image":"","background-repeat":"repeat","background-position":"center center","background-size":"auto","background-attachment":"scroll","background-type":"","background-media":"","overlay-type":"","overlay-color":"","overlay-opacity":"","overlay-gradient":""}},"footnotes":""},"categories":[27],"tags":[41,43,40,42],"class_list":["post-2111","post","type-post","status-publish","format-standard","has-post-thumbnail","hentry","category-receptek","tag-etelparositasok","tag-javaslatok","tag-palinka-mint-alapanyag","tag-recept-otletek"],"yoast_head":"<!-- This site is optimized with the Yoast SEO Premium plugin v26.9 (Yoast SEO v26.9) - https:\/\/yoast.com\/product\/yoast-seo-premium-wordpress\/ -->\n<title>P\u00e1linka az asztalon - P\u00e1link\u00e1s Chef<\/title>\n<meta name=\"description\" content=\"P\u00e1linka az asztalon \u2013 hogyan lesz eleg\u00e1ns, nem \u201et\u00fal sok\u201d A p\u00e1link\u00e1r\u00f3l sokan k\u00e9t v\u00e9gletet ismernek: vagy \u201ecsak egy feles\u201d\" \/>\n<meta name=\"robots\" content=\"index, follow, max-snippet:-1, max-image-preview:large, max-video-preview:-1\" \/>\n<link rel=\"canonical\" href=\"https:\/\/palinkaschef.hu\/de\/palinka-az-asztalon\/\" \/>\n<meta property=\"og:locale\" content=\"de_DE\" \/>\n<meta property=\"og:type\" content=\"article\" \/>\n<meta property=\"og:title\" content=\"P\u00e1linka az asztalon\" \/>\n<meta property=\"og:description\" content=\"P\u00e1linka az asztalon \u2013 hogyan lesz eleg\u00e1ns, nem \u201et\u00fal sok\u201d A p\u00e1link\u00e1r\u00f3l sokan k\u00e9t v\u00e9gletet ismernek: vagy \u201ecsak egy feles\u201d\" \/>\n<meta property=\"og:url\" content=\"https:\/\/palinkaschef.hu\/de\/palinka-az-asztalon\/\" \/>\n<meta property=\"og:site_name\" content=\"P\u00e1link\u00e1s Chef\" \/>\n<meta property=\"article:published_time\" content=\"2026-01-29T19:24:11+00:00\" \/>\n<meta property=\"article:modified_time\" content=\"2026-02-10T08:07:14+00:00\" \/>\n<meta property=\"og:image\" content=\"https:\/\/palinkaschef.hu\/wp-content\/uploads\/2025\/10\/P1100721-scaled.jpg\" \/>\n\t<meta property=\"og:image:width\" content=\"2560\" \/>\n\t<meta property=\"og:image:height\" content=\"1707\" \/>\n\t<meta property=\"og:image:type\" content=\"image\/jpeg\" \/>\n<meta name=\"author\" content=\"piritottUser\" \/>\n<meta name=\"twitter:card\" content=\"summary_large_image\" \/>\n<meta name=\"twitter:label1\" content=\"Verfasst von\" \/>\n\t<meta name=\"twitter:data1\" content=\"piritottUser\" \/>\n\t<meta name=\"twitter:label2\" content=\"Gesch\u00e4tzte Lesezeit\" \/>\n\t<meta name=\"twitter:data2\" content=\"4\u00a0Minuten\" \/>\n<script type=\"application\/ld+json\" class=\"yoast-schema-graph\">{\"@context\":\"https:\/\/schema.org\",\"@graph\":[{\"@type\":\"Article\",\"@id\":\"https:\/\/palinkaschef.hu\/palinka-az-asztalon\/#article\",\"isPartOf\":{\"@id\":\"https:\/\/palinkaschef.hu\/palinka-az-asztalon\/\"},\"author\":{\"name\":\"piritottUser\",\"@id\":\"https:\/\/palinkaschef.hu\/#\/schema\/person\/c65f30614022c7e25258b65237ea6c42\"},\"headline\":\"P\u00e1linka az asztalon\",\"datePublished\":\"2026-01-29T19:24:11+00:00\",\"dateModified\":\"2026-02-10T08:07:14+00:00\",\"mainEntityOfPage\":{\"@id\":\"https:\/\/palinkaschef.hu\/palinka-az-asztalon\/\"},\"wordCount\":308,\"publisher\":{\"@id\":\"https:\/\/palinkaschef.hu\/#organization\"},\"image\":{\"@id\":\"https:\/\/palinkaschef.hu\/palinka-az-asztalon\/#primaryimage\"},\"thumbnailUrl\":\"https:\/\/palinkaschef.hu\/wp-content\/uploads\/2025\/10\/P1100721-scaled.jpg\",\"keywords\":[\"\u00e9telp\u00e1ros\u00edt\u00e1sok\",\"javaslatok\",\"p\u00e1linka mint alapanyag\",\"recept \u00f6tletek\"],\"articleSection\":[\"Receptek\"],\"inLanguage\":\"de\"},{\"@type\":\"WebPage\",\"@id\":\"https:\/\/palinkaschef.hu\/palinka-az-asztalon\/\",\"url\":\"https:\/\/palinkaschef.hu\/palinka-az-asztalon\/\",\"name\":\"P\u00e1linka az asztalon - P\u00e1link\u00e1s Chef\",\"isPartOf\":{\"@id\":\"https:\/\/palinkaschef.hu\/#website\"},\"primaryImageOfPage\":{\"@id\":\"https:\/\/palinkaschef.hu\/palinka-az-asztalon\/#primaryimage\"},\"image\":{\"@id\":\"https:\/\/palinkaschef.hu\/palinka-az-asztalon\/#primaryimage\"},\"thumbnailUrl\":\"https:\/\/palinkaschef.hu\/wp-content\/uploads\/2025\/10\/P1100721-scaled.jpg\",\"datePublished\":\"2026-01-29T19:24:11+00:00\",\"dateModified\":\"2026-02-10T08:07:14+00:00\",\"description\":\"P\u00e1linka az asztalon \u2013 hogyan lesz eleg\u00e1ns, nem \u201et\u00fal sok\u201d A p\u00e1link\u00e1r\u00f3l sokan k\u00e9t v\u00e9gletet ismernek: vagy \u201ecsak egy feles\u201d\",\"breadcrumb\":{\"@id\":\"https:\/\/palinkaschef.hu\/palinka-az-asztalon\/#breadcrumb\"},\"inLanguage\":\"de\",\"potentialAction\":[{\"@type\":\"ReadAction\",\"target\":[\"https:\/\/palinkaschef.hu\/palinka-az-asztalon\/\"]}]},{\"@type\":\"ImageObject\",\"inLanguage\":\"de\",\"@id\":\"https:\/\/palinkaschef.hu\/palinka-az-asztalon\/#primaryimage\",\"url\":\"https:\/\/palinkaschef.hu\/wp-content\/uploads\/2025\/10\/P1100721-scaled.jpg\",\"contentUrl\":\"https:\/\/palinkaschef.hu\/wp-content\/uploads\/2025\/10\/P1100721-scaled.jpg\",\"width\":2560,\"height\":1707,\"caption\":\"priv\u00e1t s\u00e9f priv\u00e1t s\u00e9f Budapest s\u00e9f otthon s\u00e9f rendel\u00e9s h\u00e1zhoz szem\u00e9lyes s\u00e9f szolg\u00e1ltat\u00e1s priv\u00e1t vacsora otthon s\u00e9f \u00e9lm\u00e9ny otthon otthoni s\u00e9f szolg\u00e1ltat\u00e1s\"},{\"@type\":\"BreadcrumbList\",\"@id\":\"https:\/\/palinkaschef.hu\/palinka-az-asztalon\/#breadcrumb\",\"itemListElement\":[{\"@type\":\"ListItem\",\"position\":1,\"name\":\"Kezd\u0151lap\",\"item\":\"https:\/\/palinkaschef.hu\/\"},{\"@type\":\"ListItem\",\"position\":2,\"name\":\"P\u00e1linka az asztalon\"}]},{\"@type\":\"WebSite\",\"@id\":\"https:\/\/palinkaschef.hu\/#website\",\"url\":\"https:\/\/palinkaschef.hu\/\",\"name\":\"P\u00e1link\u00e1s Chef\",\"description\":\"Priv\u00e1t Chef\",\"publisher\":{\"@id\":\"https:\/\/palinkaschef.hu\/#organization\"},\"potentialAction\":[{\"@type\":\"SearchAction\",\"target\":{\"@type\":\"EntryPoint\",\"urlTemplate\":\"https:\/\/palinkaschef.hu\/?s={search_term_string}\"},\"query-input\":{\"@type\":\"PropertyValueSpecification\",\"valueRequired\":true,\"valueName\":\"search_term_string\"}}],\"inLanguage\":\"de\"},{\"@type\":\"Organization\",\"@id\":\"https:\/\/palinkaschef.hu\/#organization\",\"name\":\"P\u00e1link\u00e1s Chef\",\"url\":\"https:\/\/palinkaschef.hu\/\",\"logo\":{\"@type\":\"ImageObject\",\"inLanguage\":\"de\",\"@id\":\"https:\/\/palinkaschef.hu\/#\/schema\/logo\/image\/\",\"url\":\"https:\/\/palinkaschef.hu\/wp-content\/uploads\/2025\/08\/palinkaschef.hu_.png\",\"contentUrl\":\"https:\/\/palinkaschef.hu\/wp-content\/uploads\/2025\/08\/palinkaschef.hu_.png\",\"width\":1080,\"height\":1080,\"caption\":\"P\u00e1link\u00e1s Chef\"},\"image\":{\"@id\":\"https:\/\/palinkaschef.hu\/#\/schema\/logo\/image\/\"}},{\"@type\":\"Person\",\"@id\":\"https:\/\/palinkaschef.hu\/#\/schema\/person\/c65f30614022c7e25258b65237ea6c42\",\"name\":\"piritottUser\",\"image\":{\"@type\":\"ImageObject\",\"inLanguage\":\"de\",\"@id\":\"https:\/\/palinkaschef.hu\/#\/schema\/person\/image\/\",\"url\":\"https:\/\/secure.gravatar.com\/avatar\/4e1932f7e180f25c5963f14eea803fa49a3544bbd4e812f1a8dad36f95174ce4?s=96&d=mm&r=g\",\"contentUrl\":\"https:\/\/secure.gravatar.com\/avatar\/4e1932f7e180f25c5963f14eea803fa49a3544bbd4e812f1a8dad36f95174ce4?s=96&d=mm&r=g\",\"caption\":\"piritottUser\"},\"sameAs\":[\"https:\/\/www.palinkaschef.hu\"],\"url\":\"https:\/\/palinkaschef.hu\/de\/author\/piritottuser\/\"}]}<\/script>\n<!-- \/ Yoast SEO Premium plugin. -->","yoast_head_json":{"title":"P\u00e1linka az asztalon - P\u00e1link\u00e1s Chef","description":"P\u00e1linka az asztalon \u2013 hogyan lesz eleg\u00e1ns, nem \u201et\u00fal sok\u201d A p\u00e1link\u00e1r\u00f3l sokan k\u00e9t v\u00e9gletet ismernek: vagy \u201ecsak egy feles\u201d","robots":{"index":"index","follow":"follow","max-snippet":"max-snippet:-1","max-image-preview":"max-image-preview:large","max-video-preview":"max-video-preview:-1"},"canonical":"https:\/\/palinkaschef.hu\/de\/palinka-az-asztalon\/","og_locale":"de_DE","og_type":"article","og_title":"P\u00e1linka az asztalon","og_description":"P\u00e1linka az asztalon \u2013 hogyan lesz eleg\u00e1ns, nem \u201et\u00fal sok\u201d A p\u00e1link\u00e1r\u00f3l sokan k\u00e9t v\u00e9gletet ismernek: vagy \u201ecsak egy feles\u201d","og_url":"https:\/\/palinkaschef.hu\/de\/palinka-az-asztalon\/","og_site_name":"P\u00e1link\u00e1s Chef","article_published_time":"2026-01-29T19:24:11+00:00","article_modified_time":"2026-02-10T08:07:14+00:00","og_image":[{"width":2560,"height":1707,"url":"https:\/\/palinkaschef.hu\/wp-content\/uploads\/2025\/10\/P1100721-scaled.jpg","type":"image\/jpeg"}],"author":"piritottUser","twitter_card":"summary_large_image","twitter_misc":{"Verfasst von":"piritottUser","Gesch\u00e4tzte Lesezeit":"4\u00a0Minuten"},"schema":{"@context":"https:\/\/schema.org","@graph":[{"@type":"Article","@id":"https:\/\/palinkaschef.hu\/palinka-az-asztalon\/#article","isPartOf":{"@id":"https:\/\/palinkaschef.hu\/palinka-az-asztalon\/"},"author":{"name":"piritottUser","@id":"https:\/\/palinkaschef.hu\/#\/schema\/person\/c65f30614022c7e25258b65237ea6c42"},"headline":"P\u00e1linka az asztalon","datePublished":"2026-01-29T19:24:11+00:00","dateModified":"2026-02-10T08:07:14+00:00","mainEntityOfPage":{"@id":"https:\/\/palinkaschef.hu\/palinka-az-asztalon\/"},"wordCount":308,"publisher":{"@id":"https:\/\/palinkaschef.hu\/#organization"},"image":{"@id":"https:\/\/palinkaschef.hu\/palinka-az-asztalon\/#primaryimage"},"thumbnailUrl":"https:\/\/palinkaschef.hu\/wp-content\/uploads\/2025\/10\/P1100721-scaled.jpg","keywords":["\u00e9telp\u00e1ros\u00edt\u00e1sok","javaslatok","p\u00e1linka mint alapanyag","recept \u00f6tletek"],"articleSection":["Receptek"],"inLanguage":"de"},{"@type":"WebPage","@id":"https:\/\/palinkaschef.hu\/palinka-az-asztalon\/","url":"https:\/\/palinkaschef.hu\/palinka-az-asztalon\/","name":"P\u00e1linka az asztalon - P\u00e1link\u00e1s Chef","isPartOf":{"@id":"https:\/\/palinkaschef.hu\/#website"},"primaryImageOfPage":{"@id":"https:\/\/palinkaschef.hu\/palinka-az-asztalon\/#primaryimage"},"image":{"@id":"https:\/\/palinkaschef.hu\/palinka-az-asztalon\/#primaryimage"},"thumbnailUrl":"https:\/\/palinkaschef.hu\/wp-content\/uploads\/2025\/10\/P1100721-scaled.jpg","datePublished":"2026-01-29T19:24:11+00:00","dateModified":"2026-02-10T08:07:14+00:00","description":"P\u00e1linka az asztalon \u2013 hogyan lesz eleg\u00e1ns, nem \u201et\u00fal sok\u201d A p\u00e1link\u00e1r\u00f3l sokan k\u00e9t v\u00e9gletet ismernek: vagy \u201ecsak egy feles\u201d","breadcrumb":{"@id":"https:\/\/palinkaschef.hu\/palinka-az-asztalon\/#breadcrumb"},"inLanguage":"de","potentialAction":[{"@type":"ReadAction","target":["https:\/\/palinkaschef.hu\/palinka-az-asztalon\/"]}]},{"@type":"ImageObject","inLanguage":"de","@id":"https:\/\/palinkaschef.hu\/palinka-az-asztalon\/#primaryimage","url":"https:\/\/palinkaschef.hu\/wp-content\/uploads\/2025\/10\/P1100721-scaled.jpg","contentUrl":"https:\/\/palinkaschef.hu\/wp-content\/uploads\/2025\/10\/P1100721-scaled.jpg","width":2560,"height":1707,"caption":"priv\u00e1t s\u00e9f priv\u00e1t s\u00e9f Budapest s\u00e9f otthon s\u00e9f rendel\u00e9s h\u00e1zhoz szem\u00e9lyes s\u00e9f szolg\u00e1ltat\u00e1s priv\u00e1t vacsora otthon s\u00e9f \u00e9lm\u00e9ny otthon otthoni s\u00e9f szolg\u00e1ltat\u00e1s"},{"@type":"BreadcrumbList","@id":"https:\/\/palinkaschef.hu\/palinka-az-asztalon\/#breadcrumb","itemListElement":[{"@type":"ListItem","position":1,"name":"Kezd\u0151lap","item":"https:\/\/palinkaschef.hu\/"},{"@type":"ListItem","position":2,"name":"P\u00e1linka az asztalon"}]},{"@type":"WebSite","@id":"https:\/\/palinkaschef.hu\/#website","url":"https:\/\/palinkaschef.hu\/","name":"P\u00e1link\u00e1s Chef","description":"Priv\u00e1t Chef","publisher":{"@id":"https:\/\/palinkaschef.hu\/#organization"},"potentialAction":[{"@type":"SearchAction","target":{"@type":"EntryPoint","urlTemplate":"https:\/\/palinkaschef.hu\/?s={search_term_string}"},"query-input":{"@type":"PropertyValueSpecification","valueRequired":true,"valueName":"search_term_string"}}],"inLanguage":"de"},{"@type":"Organization","@id":"https:\/\/palinkaschef.hu\/#organization","name":"P\u00e1link\u00e1s Chef","url":"https:\/\/palinkaschef.hu\/","logo":{"@type":"ImageObject","inLanguage":"de","@id":"https:\/\/palinkaschef.hu\/#\/schema\/logo\/image\/","url":"https:\/\/palinkaschef.hu\/wp-content\/uploads\/2025\/08\/palinkaschef.hu_.png","contentUrl":"https:\/\/palinkaschef.hu\/wp-content\/uploads\/2025\/08\/palinkaschef.hu_.png","width":1080,"height":1080,"caption":"P\u00e1link\u00e1s Chef"},"image":{"@id":"https:\/\/palinkaschef.hu\/#\/schema\/logo\/image\/"}},{"@type":"Person","@id":"https:\/\/palinkaschef.hu\/#\/schema\/person\/c65f30614022c7e25258b65237ea6c42","name":"piritottUser","image":{"@type":"ImageObject","inLanguage":"de","@id":"https:\/\/palinkaschef.hu\/#\/schema\/person\/image\/","url":"https:\/\/secure.gravatar.com\/avatar\/4e1932f7e180f25c5963f14eea803fa49a3544bbd4e812f1a8dad36f95174ce4?s=96&d=mm&r=g","contentUrl":"https:\/\/secure.gravatar.com\/avatar\/4e1932f7e180f25c5963f14eea803fa49a3544bbd4e812f1a8dad36f95174ce4?s=96&d=mm&r=g","caption":"piritottUser"},"sameAs":["https:\/\/www.palinkaschef.hu"],"url":"https:\/\/palinkaschef.hu\/de\/author\/piritottuser\/"}]}},"_links":{"self":[{"href":"https:\/\/palinkaschef.hu\/de\/wp-json\/wp\/v2\/posts\/2111","targetHints":{"allow":["GET"]}}],"collection":[{"href":"https:\/\/palinkaschef.hu\/de\/wp-json\/wp\/v2\/posts"}],"about":[{"href":"https:\/\/palinkaschef.hu\/de\/wp-json\/wp\/v2\/types\/post"}],"author":[{"embeddable":true,"href":"https:\/\/palinkaschef.hu\/de\/wp-json\/wp\/v2\/users\/1"}],"replies":[{"embeddable":true,"href":"https:\/\/palinkaschef.hu\/de\/wp-json\/wp\/v2\/comments?post=2111"}],"version-history":[{"count":8,"href":"https:\/\/palinkaschef.hu\/de\/wp-json\/wp\/v2\/posts\/2111\/revisions"}],"predecessor-version":[{"id":2192,"href":"https:\/\/palinkaschef.hu\/de\/wp-json\/wp\/v2\/posts\/2111\/revisions\/2192"}],"wp:featuredmedia":[{"embeddable":true,"href":"https:\/\/palinkaschef.hu\/de\/wp-json\/wp\/v2\/media\/1887"}],"wp:attachment":[{"href":"https:\/\/palinkaschef.hu\/de\/wp-json\/wp\/v2\/media?parent=2111"}],"wp:term":[{"taxonomy":"category","embeddable":true,"href":"https:\/\/palinkaschef.hu\/de\/wp-json\/wp\/v2\/categories?post=2111"},{"taxonomy":"post_tag","embeddable":true,"href":"https:\/\/palinkaschef.hu\/de\/wp-json\/wp\/v2\/tags?post=2111"}],"curies":[{"name":"wp","href":"https:\/\/api.w.org\/{rel}","templated":true}]}}