{"id":2104,"date":"2026-01-29T20:12:40","date_gmt":"2026-01-29T19:12:40","guid":{"rendered":"https:\/\/palinkaschef.hu\/?p=2104"},"modified":"2026-02-10T09:06:05","modified_gmt":"2026-02-10T08:06:05","slug":"palinkaschef-miert-nem-csak-fozok-hanem-estet-epitek","status":"publish","type":"post","link":"https:\/\/palinkaschef.hu\/de\/palinkaschef-miert-nem-csak-fozok-hanem-estet-epitek\/","title":{"rendered":"P\u00e1link\u00e1sChef \u2013 warum ich nicht einfach nur \u201ekoche\u201c, sondern Abende gestalte"},"content":{"rendered":"<div data-elementor-type=\"wp-post\" data-elementor-id=\"2104\" class=\"elementor elementor-2104\" data-elementor-post-type=\"post\">\n\t\t\t\t<div class=\"elementor-element elementor-element-2b4febe e-con-full e-flex e-con e-parent\" data-id=\"2b4febe\" data-element_type=\"container\" data-e-type=\"container\" data-settings=\"{&quot;background_background&quot;:&quot;gradient&quot;}\">\n\t\t<div class=\"elementor-element elementor-element-33e9146 e-con-full e-flex e-con e-child\" data-id=\"33e9146\" data-element_type=\"container\" data-e-type=\"container\">\n\t\t<div class=\"elementor-element elementor-element-957254f e-flex e-con-boxed e-con e-child\" data-id=\"957254f\" data-element_type=\"container\" data-e-type=\"container\">\n\t\t\t\t\t<div class=\"e-con-inner\">\n\t\t<div class=\"elementor-element elementor-element-bdabe59 e-con-full e-flex e-con e-child\" data-id=\"bdabe59\" data-element_type=\"container\" data-e-type=\"container\">\n\t\t\t\t<\/div>\n\t\t<div class=\"elementor-element elementor-element-91d59cd e-con-full e-flex e-con e-child\" data-id=\"91d59cd\" data-element_type=\"container\" data-e-type=\"container\">\n\t\t\t\t<div class=\"elementor-element elementor-element-b896c43 elementor-widget elementor-widget-hfe-infocard\" data-id=\"b896c43\" data-element_type=\"widget\" data-e-type=\"widget\" data-widget_type=\"hfe-infocard.default\">\n\t\t\t\t<div class=\"elementor-widget-container\">\n\t\t\t\t\t\n\t\t<div class=\"hfe-infocard\">\n\t\t\t\t\t\t\t\t\t<div class=\"hfe-infocard-title-wrap\">\n\t\t\t\t<h2 class=\"hfe-infocard-title elementor-inline-editing\" data-elementor-setting-key=\"infocard_title\" data-elementor-inline-editing-toolbar=\"basic\" >P\u00e1link\u00e1sChef \u2013 warum ich nicht einfach nur \u201ekoche\u201c, sondern Abende gestalte<\/h2>\t\t\t<\/div>\n\t\t\t\t\t\t<div class=\"hfe-infocard-text-wrap\">\n\t\t\t\t<div class=\"hfe-infocard-text elementor-inline-editing\" data-elementor-setting-key=\"infocard_description\" data-elementor-inline-editing-toolbar=\"advanced\">\n\t\t\t\t\t\t\t\t\t<\/div>\n\t\t\t\t\t\t\t<\/div>\n\t\t<\/div>\n\n\t\t\t\t\t\t<\/div>\n\t\t\t\t<\/div>\n\t\t\t\t<div class=\"elementor-element elementor-element-0d9bb84 elementor-widget elementor-widget-image\" data-id=\"0d9bb84\" data-element_type=\"widget\" data-e-type=\"widget\" data-widget_type=\"image.default\">\n\t\t\t\t<div class=\"elementor-widget-container\">\n\t\t\t\t\t\t\t\t\t\t\t\t\t\t\t<img decoding=\"async\" width=\"200\" height=\"35\" src=\"https:\/\/palinkaschef.hu\/wp-content\/uploads\/2025\/08\/divider-free-img-1.png\" class=\"attachment-full size-full wp-image-1069\" alt=\"c\u00e9ges rendezv\u00e9ny priv\u00e1t s\u00e9ffel k\u00fcl\u00f6nleges vacsora \u00e9lm\u00e9ny sommelier szolg\u00e1ltat\u00e1s felszolg\u00e1l\u00e1s priv\u00e1t vacsor\u00e1hoz otthoni borvacsora gasztron\u00f3miai show s\u00e9ffel\" \/>\t\t\t\t\t\t\t\t\t\t\t\t\t\t\t<\/div>\n\t\t\t\t<\/div>\n\t\t\t\t<\/div>\n\t\t<div class=\"elementor-element elementor-element-0040917 e-con-full elementor-hidden-mobile e-flex e-con e-child\" data-id=\"0040917\" data-element_type=\"container\" data-e-type=\"container\">\n\t\t\t\t<\/div>\n\t\t\t\t\t<\/div>\n\t\t\t\t<\/div>\n\t\t<div class=\"elementor-element elementor-element-936a90b e-flex e-con-boxed e-con e-child\" data-id=\"936a90b\" data-element_type=\"container\" data-e-type=\"container\">\n\t\t\t\t\t<div class=\"e-con-inner\">\n\t\t<div class=\"elementor-element elementor-element-d230b77 e-con-full elementor-hidden-mobile e-flex e-con e-child\" data-id=\"d230b77\" data-element_type=\"container\" data-e-type=\"container\">\n\t\t\t\t<\/div>\n\t\t<div class=\"elementor-element elementor-element-c79ef72 e-con-full e-flex e-con e-child\" data-id=\"c79ef72\" data-element_type=\"container\" data-e-type=\"container\">\n\t\t\t\t<div class=\"elementor-element elementor-element-208318c elementor-widget elementor-widget-text-editor\" data-id=\"208318c\" data-element_type=\"widget\" data-e-type=\"widget\" data-widget_type=\"text-editor.default\">\n\t\t\t\t<div class=\"elementor-widget-container\">\n\t\t\t\t\t\t\t\t\t<p>Es gibt Abendessen, an die man sich noch am n\u00e4chsten Tag erinnert. Nicht weil sie kompliziert waren, sondern weil sie einen Rhythmus hatten. Ankunft, Aromen, gute Gespr\u00e4che, ein Schluck von etwas K\u00f6stlichem, und pl\u00f6tzlich wird einem bewusst: Man ist zusammen.<\/p><p>So arbeite ich. Ich biete kein \u201eMen\u00fc\u201c an, sondern einen Abend \u2013 einen Abend mit einem Anfang, einer Mitte und einem Ende, an dem die ganze Zeit \u00fcber etwas passiert.<\/p>\t\t\t\t\t\t\t\t<\/div>\n\t\t\t\t<\/div>\n\t\t\t\t<div class=\"elementor-element elementor-element-2ee4ea7 elementor-widget elementor-widget-text-editor\" data-id=\"2ee4ea7\" data-element_type=\"widget\" data-e-type=\"widget\" data-widget_type=\"text-editor.default\">\n\t\t\t\t<div class=\"elementor-widget-container\">\n\t\t\t\t\t\t\t\t\t<p><strong>Was Sie erhalten, wenn Sie mich anrufen<\/strong><\/p><ul><li>Saisonales Men\u00fc: frische, unverf\u00e4lschte Zutaten, vorzugsweise von lokalen Erzeugern.<\/li><li>Ein intimes Erlebnis: keine Restaurantshow, sondern Eleganz wie zu Hause.<\/li><li>Personalisierung: auf Ihren Geschmack, Anlass, Zeitrahmen und Ern\u00e4hrungsbed\u00fcrfnisse zugeschnitten.<\/li><li>Unbeschwertheit: Du bist Gast an deinem eigenen Tisch \u2013 die K\u00fcche ist mein Reich.<\/li><\/ul>\t\t\t\t\t\t\t\t<\/div>\n\t\t\t\t<\/div>\n\t\t\t\t<div class=\"elementor-element elementor-element-d2b9ee9 elementor-widget elementor-widget-text-editor\" data-id=\"d2b9ee9\" data-element_type=\"widget\" data-e-type=\"widget\" data-widget_type=\"text-editor.default\">\n\t\t\t\t<div class=\"elementor-widget-container\">\n\t\t\t\t\t\t\t\t\t<p><strong>Der Ansatz von P\u00e1link\u00e1sChef<\/strong><\/p><p>Ich mag es, wenn ein Gericht etwas zu erz\u00e4hlen hat. Warum passt eine bestimmte Zutat gerade jetzt so gut, woher kommt sie, warum wird sie so zubereitet? Und ja, auch P\u00e1linka kann in meinen Gerichten eine Rolle spielen \u2013 aber niemals als Hauptdarsteller. Vielmehr ist er Teil eines sch\u00f6nen Moments.<\/p>\t\t\t\t\t\t\t\t<\/div>\n\t\t\t\t<\/div>\n\t\t\t\t<div class=\"elementor-element elementor-element-2939aa3 elementor-align-center elementor-mobile-align-center elementor-tablet-align-center elementor-widget elementor-widget-button\" data-id=\"2939aa3\" data-element_type=\"widget\" data-e-type=\"widget\" data-widget_type=\"button.default\">\n\t\t\t\t<div class=\"elementor-widget-container\">\n\t\t\t\t\t\t\t\t\t<div class=\"elementor-button-wrapper\">\n\t\t\t\t\t<a class=\"elementor-button elementor-button-link elementor-size-md\" href=\"https:\/\/palinkaschef.hu\/de\/kapcsolat\/\">\n\t\t\t\t\t\t<span class=\"elementor-button-content-wrapper\">\n\t\t\t\t\t\t\t\t\t<span class=\"elementor-button-text\">Wenn Sie ein Abendessen w\u00fcnschen, nach dem Sie sagen werden: \u201eWow, das hat wirklich alles gepasst\u201c, schreiben Sie uns. Wir stellen Ihnen das Programm f\u00fcr Ihren Abend zusammen.<\/span>\n\t\t\t\t\t<\/span>\n\t\t\t\t\t<\/a>\n\t\t\t\t<\/div>\n\t\t\t\t\t\t\t\t<\/div>\n\t\t\t\t<\/div>\n\t\t\t\t<\/div>\n\t\t<div class=\"elementor-element elementor-element-a906cf3 e-con-full elementor-hidden-mobile e-flex e-con e-child\" data-id=\"a906cf3\" data-element_type=\"container\" data-e-type=\"container\">\n\t\t\t\t<\/div>\n\t\t\t\t\t<\/div>\n\t\t\t\t<\/div>\n\t\t<div class=\"elementor-element elementor-element-cb7d493 e-flex e-con-boxed e-con e-child\" data-id=\"cb7d493\" data-element_type=\"container\" data-e-type=\"container\">\n\t\t\t\t\t<div class=\"e-con-inner\">\n\t\t<div class=\"elementor-element elementor-element-0faa1a5 e-con-full e-flex e-con e-child\" data-id=\"0faa1a5\" data-element_type=\"container\" data-e-type=\"container\">\n\t\t\t\t<\/div>\n\t\t<div class=\"elementor-element elementor-element-fb96a09 e-con-full e-flex e-con e-child\" data-id=\"fb96a09\" data-element_type=\"container\" data-e-type=\"container\">\n\t\t\t\t<div class=\"elementor-element elementor-element-67600f1 elementor-arrows-position-inside elementor-widget elementor-widget-image-carousel\" data-id=\"67600f1\" data-element_type=\"widget\" data-e-type=\"widget\" data-settings=\"{&quot;slides_to_show&quot;:&quot;1&quot;,&quot;navigation&quot;:&quot;arrows&quot;,&quot;autoplay&quot;:&quot;yes&quot;,&quot;pause_on_hover&quot;:&quot;yes&quot;,&quot;pause_on_interaction&quot;:&quot;yes&quot;,&quot;autoplay_speed&quot;:5000,&quot;infinite&quot;:&quot;yes&quot;,&quot;effect&quot;:&quot;slide&quot;,&quot;speed&quot;:500}\" data-widget_type=\"image-carousel.default\">\n\t\t\t\t<div class=\"elementor-widget-container\">\n\t\t\t\t\t\t\t<div class=\"elementor-image-carousel-wrapper swiper\" role=\"region\" aria-roledescription=\"carousel\" aria-label=\"Image Carousel\" dir=\"ltr\">\n\t\t\t<div class=\"elementor-image-carousel swiper-wrapper\" aria-live=\"off\">\n\t\t\t\t\t\t\t\t<div class=\"swiper-slide\" role=\"group\" aria-roledescription=\"slide\" aria-label=\"1 \/ 3\"><figure class=\"swiper-slide-inner\"><img decoding=\"async\" class=\"swiper-slide-image\" src=\"https:\/\/palinkaschef.hu\/wp-content\/uploads\/2025\/10\/P1112251-scaled.jpg\" alt=\"priv\u00e1t s\u00e9f priv\u00e1t s\u00e9f Budapest s\u00e9f otthon s\u00e9f rendel\u00e9s h\u00e1zhoz szem\u00e9lyes s\u00e9f szolg\u00e1ltat\u00e1s priv\u00e1t vacsora otthon s\u00e9f \u00e9lm\u00e9ny otthon otthoni s\u00e9f szolg\u00e1ltat\u00e1s\" \/><\/figure><\/div><div class=\"swiper-slide\" role=\"group\" aria-roledescription=\"slide\" aria-label=\"2 \/ 3\"><figure class=\"swiper-slide-inner\"><img decoding=\"async\" class=\"swiper-slide-image\" src=\"https:\/\/palinkaschef.hu\/wp-content\/uploads\/2025\/10\/P1112275-scaled.jpg\" alt=\"priv\u00e1t s\u00e9f priv\u00e1t s\u00e9f Budapest s\u00e9f otthon s\u00e9f rendel\u00e9s h\u00e1zhoz szem\u00e9lyes s\u00e9f szolg\u00e1ltat\u00e1s priv\u00e1t vacsora otthon s\u00e9f \u00e9lm\u00e9ny otthon otthoni s\u00e9f szolg\u00e1ltat\u00e1s\" \/><\/figure><\/div><div class=\"swiper-slide\" role=\"group\" aria-roledescription=\"slide\" aria-label=\"3 \/ 3\"><figure class=\"swiper-slide-inner\"><img decoding=\"async\" class=\"swiper-slide-image\" src=\"https:\/\/palinkaschef.hu\/wp-content\/uploads\/2025\/10\/P1123048-1-scaled.jpg\" alt=\"priv\u00e1t s\u00e9f priv\u00e1t s\u00e9f Budapest s\u00e9f otthon s\u00e9f rendel\u00e9s h\u00e1zhoz szem\u00e9lyes s\u00e9f szolg\u00e1ltat\u00e1s priv\u00e1t vacsora otthon s\u00e9f \u00e9lm\u00e9ny otthon otthoni s\u00e9f szolg\u00e1ltat\u00e1s\" \/><\/figure><\/div>\t\t\t<\/div>\n\t\t\t\t\t\t\t\t\t\t\t\t<div class=\"elementor-swiper-button elementor-swiper-button-prev\" role=\"button\" tabindex=\"0\">\n\t\t\t\t\t\t<i aria-hidden=\"true\" class=\"eicon-chevron-left\"><\/i>\t\t\t\t\t<\/div>\n\t\t\t\t\t<div class=\"elementor-swiper-button elementor-swiper-button-next\" role=\"button\" tabindex=\"0\">\n\t\t\t\t\t\t<i aria-hidden=\"true\" class=\"eicon-chevron-right\"><\/i>\t\t\t\t\t<\/div>\n\t\t\t\t\n\t\t\t\t\t\t\t\t\t<\/div>\n\t\t\t\t\t\t<\/div>\n\t\t\t\t<\/div>\n\t\t\t\t<\/div>\n\t\t<div class=\"elementor-element elementor-element-3183c29 e-con-full e-flex e-con e-child\" data-id=\"3183c29\" data-element_type=\"container\" data-e-type=\"container\">\n\t\t\t\t<\/div>\n\t\t\t\t\t<\/div>\n\t\t\t\t<\/div>\n\t\t\t\t<\/div>\n\t\t\t\t<\/div>\n\t\t<div class=\"elementor-element elementor-element-602add3 e-flex e-con-boxed e-con e-parent\" data-id=\"602add3\" data-element_type=\"container\" data-e-type=\"container\">\n\t\t\t\t\t<div class=\"e-con-inner\">\n\t\t<div class=\"elementor-element elementor-element-34f1753 e-con-full e-flex e-con e-child\" data-id=\"34f1753\" data-element_type=\"container\" data-e-type=\"container\">\n\t\t\t\t<div class=\"elementor-element elementor-element-f8cb3fc elementor-widget elementor-widget-hfe-infocard\" data-id=\"f8cb3fc\" data-element_type=\"widget\" data-e-type=\"widget\" data-widget_type=\"hfe-infocard.default\">\n\t\t\t\t<div class=\"elementor-widget-container\">\n\t\t\t\t\t\n\t\t<div class=\"hfe-infocard\">\n\t\t\t\t\t\t\t\t\t<div class=\"hfe-infocard-title-wrap\">\n\t\t\t\t<h2 class=\"hfe-infocard-title elementor-inline-editing\" data-elementor-setting-key=\"infocard_title\" data-elementor-inline-editing-toolbar=\"basic\" >Folgen Sie uns auf Facebook!<\/h2>\t\t\t<\/div>\n\t\t\t\t\t\t<div class=\"hfe-infocard-text-wrap\">\n\t\t\t\t<div class=\"hfe-infocard-text elementor-inline-editing\" data-elementor-setting-key=\"infocard_description\" data-elementor-inline-editing-toolbar=\"advanced\">\n\t\t\t\t\t\t\t\t\t<\/div>\n\t\t\t\t\t\t\t<\/div>\n\t\t<\/div>\n\n\t\t\t\t\t\t<\/div>\n\t\t\t\t<\/div>\n\t\t\t\t<div class=\"elementor-element elementor-element-e5a5edc elementor-widget elementor-widget-text-editor\" data-id=\"e5a5edc\" data-element_type=\"widget\" data-e-type=\"widget\" data-widget_type=\"text-editor.default\">\n\t\t\t\t<div class=\"elementor-widget-container\">\n\t\t\t\t\t\t\t\t\t<p>Wenn Sie neugierig auf Einblicke hinter die Kulissen, neue kulinarische Erlebnisse, zus\u00e4tzliche gastronomische Ideen und aktuelle Ereignisse sind, dann treten Sie unserer Facebook-Community bei.<br data-start=\"318\" data-end=\"321\" \/>Dort finden Sie noch mehr pers\u00f6nliche Inhalte, Rezepte, Gedanken und Inspirationen \u2013 alles, was das Erlebnis \u00fcber den Blog hinaus bereichert.<\/p>\t\t\t\t\t\t\t\t<\/div>\n\t\t\t\t<\/div>\n\t\t\t\t<\/div>\n\t\t<div class=\"elementor-element elementor-element-ea6799f e-con-full e-flex e-con e-child\" data-id=\"ea6799f\" data-element_type=\"container\" data-e-type=\"container\">\n\t\t\t\t<div class=\"elementor-element elementor-element-00d617e elementor-widget elementor-widget-facebook-page\" data-id=\"00d617e\" data-element_type=\"widget\" data-e-type=\"widget\" data-widget_type=\"facebook-page.default\">\n\t\t\t\t<div class=\"elementor-widget-container\">\n\t\t\t\t\t<div class=\"elementor-facebook-widget fb-page\" data-href=\"https:\/\/www.facebook.com\/Palinkaschef\" data-tabs=\"timeline\" data-height=\"500px\" data-width=\"500px\" data-small-header=\"false\" data-hide-cover=\"false\" data-show-facepile=\"true\" data-hide-cta=\"false\" style=\"min-height: 1px;height:500px\"><\/div>\t\t\t\t<\/div>\n\t\t\t\t<\/div>\n\t\t\t\t<\/div>\n\t\t\t\t\t<\/div>\n\t\t\t\t<\/div>\n\t\t<div class=\"elementor-element elementor-element-071331e e-flex e-con-boxed e-con e-parent\" data-id=\"071331e\" data-element_type=\"container\" data-e-type=\"container\">\n\t\t\t\t\t<div class=\"e-con-inner\">\n\t\t\t\t<div class=\"elementor-element elementor-element-f7a6ffd elementor-widget elementor-widget-hfe-infocard\" data-id=\"f7a6ffd\" data-element_type=\"widget\" data-e-type=\"widget\" data-widget_type=\"hfe-infocard.default\">\n\t\t\t\t<div class=\"elementor-widget-container\">\n\t\t\t\t\t\n\t\t<div class=\"hfe-infocard\">\n\t\t\t\t\t\t\t\t\t<div class=\"hfe-infocard-title-wrap\">\n\t\t\t\t<h2 class=\"hfe-infocard-title elementor-inline-editing\" data-elementor-setting-key=\"infocard_title\" data-elementor-inline-editing-toolbar=\"basic\" >Olvass tov\u00e1bb<\/h2>\t\t\t<\/div>\n\t\t\t\t\t\t<div class=\"hfe-infocard-text-wrap\">\n\t\t\t\t<div class=\"hfe-infocard-text elementor-inline-editing\" data-elementor-setting-key=\"infocard_description\" data-elementor-inline-editing-toolbar=\"advanced\">\n\t\t\t\t\t\t\t\t\t<\/div>\n\t\t\t\t\t\t\t<\/div>\n\t\t<\/div>\n\n\t\t\t\t\t\t<\/div>\n\t\t\t\t<\/div>\n\t\t\t\t<div class=\"elementor-element elementor-element-e0d7201 elementor-grid-3 elementor-grid-tablet-2 elementor-grid-mobile-1 elementor-posts--thumbnail-top elementor-widget elementor-widget-posts\" data-id=\"e0d7201\" data-element_type=\"widget\" data-e-type=\"widget\" data-settings=\"{&quot;pagination_type&quot;:&quot;numbers&quot;,&quot;classic_columns&quot;:&quot;3&quot;,&quot;classic_columns_tablet&quot;:&quot;2&quot;,&quot;classic_columns_mobile&quot;:&quot;1&quot;,&quot;classic_row_gap&quot;:{&quot;unit&quot;:&quot;px&quot;,&quot;size&quot;:35,&quot;sizes&quot;:[]},&quot;classic_row_gap_tablet&quot;:{&quot;unit&quot;:&quot;px&quot;,&quot;size&quot;:&quot;&quot;,&quot;sizes&quot;:[]},&quot;classic_row_gap_mobile&quot;:{&quot;unit&quot;:&quot;px&quot;,&quot;size&quot;:&quot;&quot;,&quot;sizes&quot;:[]}}\" data-widget_type=\"posts.classic\">\n\t\t\t\t<div class=\"elementor-widget-container\">\n\t\t\t\t\t\t\t<div class=\"elementor-posts-container elementor-posts elementor-posts--skin-classic elementor-grid\" role=\"list\">\n\t\t\t\t<article class=\"elementor-post elementor-grid-item post-2171 post type-post status-publish format-standard has-post-thumbnail hentry category-esemenyek tag-disznovagas tag-disznovagas-budapest tag-disznovagas-esemeny tag-premium-disznovagas-budapesten\" role=\"listitem\">\n\t\t\t\t<a class=\"elementor-post__thumbnail__link\" href=\"https:\/\/palinkaschef.hu\/de\/premium-disznovagas-budapesten\/\" tabindex=\"-1\" >\n\t\t\t<div class=\"elementor-post__thumbnail\"><img fetchpriority=\"high\" decoding=\"async\" width=\"225\" height=\"300\" src=\"https:\/\/palinkaschef.hu\/wp-content\/uploads\/2026\/02\/image9-225x300.jpeg\" class=\"attachment-medium size-medium wp-image-2253\" alt=\"\" srcset=\"https:\/\/palinkaschef.hu\/wp-content\/uploads\/2026\/02\/image9-225x300.jpeg 225w, https:\/\/palinkaschef.hu\/wp-content\/uploads\/2026\/02\/image9-768x1024.jpeg 768w, https:\/\/palinkaschef.hu\/wp-content\/uploads\/2026\/02\/image9-1152x1536.jpeg 1152w, https:\/\/palinkaschef.hu\/wp-content\/uploads\/2026\/02\/image9-9x12.jpeg 9w, https:\/\/palinkaschef.hu\/wp-content\/uploads\/2026\/02\/image9.jpeg 1500w\" sizes=\"(max-width: 225px) 100vw, 225px\" \/><\/div>\n\t\t<\/a>\n\t\t\t\t<div class=\"elementor-post__text\">\n\t\t\t\t<h3 class=\"elementor-post__title\">\n\t\t\t<a href=\"https:\/\/palinkaschef.hu\/de\/premium-disznovagas-budapesten\/\" >\n\t\t\t\tPr\u00e9mium diszn\u00f3v\u00e1g\u00e1s Budapesten\t\t\t<\/a>\n\t\t<\/h3>\n\t\t\t\t<div class=\"elementor-post__meta-data\">\n\t\t\t\t\t<span class=\"elementor-post-date\">\n\t\t\t2026.02.10.\t\t<\/span>\n\t\t\t\t<span class=\"elementor-post-avatar\">\n\t\t\tKeine Kommentare\t\t<\/span>\n\t\t\t\t<\/div>\n\t\t\n\t\t<a class=\"elementor-post__read-more\" href=\"https:\/\/palinkaschef.hu\/de\/premium-disznovagas-budapesten\/\" aria-label=\"Read more about Pr\u00e9mium diszn\u00f3v\u00e1g\u00e1s Budapesten\" tabindex=\"-1\" >\n\t\t\tWeiterlesen \u00bb\t\t<\/a>\n\n\t\t\t\t<\/div>\n\t\t\t\t<\/article>\n\t\t\t\t<article class=\"elementor-post elementor-grid-item post-2137 post type-post status-publish format-standard has-post-thumbnail hentry category-gondolataim tag-nyari-etelek tag-oszi-etelek tag-szezon-etelek tag-teli-etelek\" role=\"listitem\">\n\t\t\t\t<a class=\"elementor-post__thumbnail__link\" href=\"https:\/\/palinkaschef.hu\/de\/szezon-a-tanyeron\/\" tabindex=\"-1\" >\n\t\t\t<div class=\"elementor-post__thumbnail\"><img decoding=\"async\" width=\"198\" height=\"300\" src=\"https:\/\/palinkaschef.hu\/wp-content\/uploads\/2025\/10\/P1123508-198x300.jpg\" class=\"attachment-medium size-medium wp-image-1780\" alt=\"priv\u00e1t s\u00e9f priv\u00e1t s\u00e9f Budapest s\u00e9f otthon s\u00e9f rendel\u00e9s h\u00e1zhoz szem\u00e9lyes s\u00e9f szolg\u00e1ltat\u00e1s priv\u00e1t vacsora otthon s\u00e9f \u00e9lm\u00e9ny otthon otthoni s\u00e9f szolg\u00e1ltat\u00e1s\" srcset=\"https:\/\/palinkaschef.hu\/wp-content\/uploads\/2025\/10\/P1123508-198x300.jpg 198w, https:\/\/palinkaschef.hu\/wp-content\/uploads\/2025\/10\/P1123508-677x1024.jpg 677w, https:\/\/palinkaschef.hu\/wp-content\/uploads\/2025\/10\/P1123508-768x1162.jpg 768w, https:\/\/palinkaschef.hu\/wp-content\/uploads\/2025\/10\/P1123508-1015x1536.jpg 1015w, https:\/\/palinkaschef.hu\/wp-content\/uploads\/2025\/10\/P1123508-1353x2048.jpg 1353w, https:\/\/palinkaschef.hu\/wp-content\/uploads\/2025\/10\/P1123508-8x12.jpg 8w, https:\/\/palinkaschef.hu\/wp-content\/uploads\/2025\/10\/P1123508-scaled.jpg 1692w\" sizes=\"(max-width: 198px) 100vw, 198px\" \/><\/div>\n\t\t<\/a>\n\t\t\t\t<div class=\"elementor-post__text\">\n\t\t\t\t<h3 class=\"elementor-post__title\">\n\t\t\t<a href=\"https:\/\/palinkaschef.hu\/de\/szezon-a-tanyeron\/\" >\n\t\t\t\tDie Jahreszeit auf dem Teller\t\t\t<\/a>\n\t\t<\/h3>\n\t\t\t\t<div class=\"elementor-post__meta-data\">\n\t\t\t\t\t<span class=\"elementor-post-date\">\n\t\t\t2026.01.29.\t\t<\/span>\n\t\t\t\t<span class=\"elementor-post-avatar\">\n\t\t\tKeine Kommentare\t\t<\/span>\n\t\t\t\t<\/div>\n\t\t\n\t\t<a class=\"elementor-post__read-more\" href=\"https:\/\/palinkaschef.hu\/de\/szezon-a-tanyeron\/\" aria-label=\"Read more about Szezon a t\u00e1ny\u00e9ron\" tabindex=\"-1\" >\n\t\t\tWeiterlesen \u00bb\t\t<\/a>\n\n\t\t\t\t<\/div>\n\t\t\t\t<\/article>\n\t\t\t\t<article class=\"elementor-post elementor-grid-item post-2122 post type-post status-publish format-standard has-post-thumbnail hentry category-esemenyek category-gondolataim tag-7-otlet tag-mire-figyelj tag-mire-szamits tag-privat-vacsora tag-szabalyok tag-tippek tag-trukkok\" role=\"listitem\">\n\t\t\t\t<a class=\"elementor-post__thumbnail__link\" href=\"https:\/\/palinkaschef.hu\/de\/privat-vacsora-otthon\/\" tabindex=\"-1\" >\n\t\t\t<div class=\"elementor-post__thumbnail\"><img loading=\"lazy\" decoding=\"async\" width=\"200\" height=\"300\" src=\"https:\/\/palinkaschef.hu\/wp-content\/uploads\/2025\/10\/P1123053-200x300.jpg\" class=\"attachment-medium size-medium wp-image-1903\" alt=\"priv\u00e1t s\u00e9f priv\u00e1t s\u00e9f Budapest s\u00e9f otthon s\u00e9f rendel\u00e9s h\u00e1zhoz szem\u00e9lyes s\u00e9f szolg\u00e1ltat\u00e1s priv\u00e1t vacsora otthon s\u00e9f \u00e9lm\u00e9ny otthon otthoni s\u00e9f szolg\u00e1ltat\u00e1s\" srcset=\"https:\/\/palinkaschef.hu\/wp-content\/uploads\/2025\/10\/P1123053-200x300.jpg 200w, https:\/\/palinkaschef.hu\/wp-content\/uploads\/2025\/10\/P1123053-683x1024.jpg 683w, https:\/\/palinkaschef.hu\/wp-content\/uploads\/2025\/10\/P1123053-768x1152.jpg 768w, https:\/\/palinkaschef.hu\/wp-content\/uploads\/2025\/10\/P1123053-1024x1536.jpg 1024w, https:\/\/palinkaschef.hu\/wp-content\/uploads\/2025\/10\/P1123053-1365x2048.jpg 1365w, https:\/\/palinkaschef.hu\/wp-content\/uploads\/2025\/10\/P1123053-8x12.jpg 8w, https:\/\/palinkaschef.hu\/wp-content\/uploads\/2025\/10\/P1123053-scaled.jpg 1707w\" sizes=\"(max-width: 200px) 100vw, 200px\" \/><\/div>\n\t\t<\/a>\n\t\t\t\t<div class=\"elementor-post__text\">\n\t\t\t\t<h3 class=\"elementor-post__title\">\n\t\t\t<a href=\"https:\/\/palinkaschef.hu\/de\/privat-vacsora-otthon\/\" >\n\t\t\t\tPrivates Abendessen zu Hause\t\t\t<\/a>\n\t\t<\/h3>\n\t\t\t\t<div class=\"elementor-post__meta-data\">\n\t\t\t\t\t<span class=\"elementor-post-date\">\n\t\t\t2026.01.29.\t\t<\/span>\n\t\t\t\t<span class=\"elementor-post-avatar\">\n\t\t\tKeine Kommentare\t\t<\/span>\n\t\t\t\t<\/div>\n\t\t\n\t\t<a class=\"elementor-post__read-more\" href=\"https:\/\/palinkaschef.hu\/de\/privat-vacsora-otthon\/\" aria-label=\"Read more about Priv\u00e1t vacsora otthon\" tabindex=\"-1\" >\n\t\t\tWeiterlesen \u00bb\t\t<\/a>\n\n\t\t\t\t<\/div>\n\t\t\t\t<\/article>\n\t\t\t\t<\/div>\n\t\t\n\t\t\t\t<div class=\"e-load-more-anchor\" data-page=\"1\" data-max-page=\"4\" data-next-page=\"https:\/\/palinkaschef.hu\/de\/wp-json\/wp\/v2\/posts\/2104\/page\/2\/\"><\/div>\n\t\t\t\t<nav class=\"elementor-pagination\" aria-label=\"Pagination\">\n\t\t\t<span aria-current=\"page\" class=\"page-numbers current\"><span class=\"elementor-screen-only\">Page<\/span>1<\/span>\n<a class=\"page-numbers\" href=\"https:\/\/palinkaschef.hu\/de\/wp-json\/wp\/v2\/posts\/2104\/page\/2\/\"><span class=\"elementor-screen-only\">Page<\/span>2<\/a>\n<a class=\"page-numbers\" href=\"https:\/\/palinkaschef.hu\/de\/wp-json\/wp\/v2\/posts\/2104\/page\/3\/\"><span class=\"elementor-screen-only\">Page<\/span>3<\/a>\n<a class=\"page-numbers\" href=\"https:\/\/palinkaschef.hu\/de\/wp-json\/wp\/v2\/posts\/2104\/page\/4\/\"><span class=\"elementor-screen-only\">Page<\/span>4<\/a>\t\t<\/nav>\n\t\t\t\t\t\t<\/div>\n\t\t\t\t<\/div>\n\t\t\t\t\t<\/div>\n\t\t\t\t<\/div>\n\t\t\t\t<\/div>","protected":false},"excerpt":{"rendered":"<p>P\u00e1link\u00e1sChef \u2013 mi\u00e9rt nem csak \u201ef\u0151z\u00f6k\u201d, hanem est\u00e9t \u00e9p\u00edtek Van<\/p>","protected":false},"author":1,"featured_media":1923,"comment_status":"closed","ping_status":"closed","sticky":false,"template":"elementor_header_footer","format":"standard","meta":{"site-sidebar-layout":"default","site-content-layout":"","ast-site-content-layout":"default","site-content-style":"default","site-sidebar-style":"default","ast-global-header-display":"","ast-banner-title-visibility":"","ast-main-header-display":"","ast-hfb-above-header-display":"","ast-hfb-below-header-display":"","ast-hfb-mobile-header-display":"","site-post-title":"","ast-breadcrumbs-content":"","ast-featured-img":"","footer-sml-layout":"","ast-disable-related-posts":"","theme-transparent-header-meta":"","adv-header-id-meta":"","stick-header-meta":"","header-above-stick-meta":"","header-main-stick-meta":"","header-below-stick-meta":"","astra-migrate-meta-layouts":"set","ast-page-background-enabled":"default","ast-page-background-meta":{"desktop":{"background-color":"","background-image":"","background-repeat":"repeat","background-position":"center center","background-size":"auto","background-attachment":"scroll","background-type":"","background-media":"","overlay-type":"","overlay-color":"","overlay-opacity":"","overlay-gradient":""},"tablet":{"background-color":"","background-image":"","background-repeat":"repeat","background-position":"center center","background-size":"auto","background-attachment":"scroll","background-type":"","background-media":"","overlay-type":"","overlay-color":"","overlay-opacity":"","overlay-gradient":""},"mobile":{"background-color":"","background-image":"","background-repeat":"repeat","background-position":"center center","background-size":"auto","background-attachment":"scroll","background-type":"","background-media":"","overlay-type":"","overlay-color":"","overlay-opacity":"","overlay-gradient":""}},"ast-content-background-meta":{"desktop":{"background-color":"var(--ast-global-color-5)","background-image":"","background-repeat":"repeat","background-position":"center center","background-size":"auto","background-attachment":"scroll","background-type":"","background-media":"","overlay-type":"","overlay-color":"","overlay-opacity":"","overlay-gradient":""},"tablet":{"background-color":"var(--ast-global-color-5)","background-image":"","background-repeat":"repeat","background-position":"center center","background-size":"auto","background-attachment":"scroll","background-type":"","background-media":"","overlay-type":"","overlay-color":"","overlay-opacity":"","overlay-gradient":""},"mobile":{"background-color":"var(--ast-global-color-5)","background-image":"","background-repeat":"repeat","background-position":"center center","background-size":"auto","background-attachment":"scroll","background-type":"","background-media":"","overlay-type":"","overlay-color":"","overlay-opacity":"","overlay-gradient":""}},"footnotes":""},"categories":[26,28],"tags":[46,47,45,44],"class_list":["post-2104","post","type-post","status-publish","format-standard","has-post-thumbnail","hentry","category-esemenyek","category-gondolataim","tag-elmenyvacsora","tag-kulonleges-este","tag-nem-csak-fozes","tag-palinkaschef-szolgaltatas"],"yoast_head":"<!-- This site is optimized with the Yoast SEO Premium plugin v26.9 (Yoast SEO v26.9) - https:\/\/yoast.com\/product\/yoast-seo-premium-wordpress\/ -->\n<title>P\u00e1link\u00e1sChef \u2013 mi\u00e9rt nem csak \u201ef\u0151z\u00f6k\u201d, hanem est\u00e9t \u00e9p\u00edtek - P\u00e1link\u00e1s Chef<\/title>\n<meta name=\"description\" content=\"P\u00e1link\u00e1sChef, mi\u00e9rt nem csak \u201ef\u0151z\u00f6k\u201d, hanem est\u00e9t \u00e9p\u00edtek. Van az a vacsora, amire m\u00e1snap is eml\u00e9kszel. Nem az\u00e9rt, mert bonyolult volt\" \/>\n<meta name=\"robots\" content=\"index, follow, max-snippet:-1, max-image-preview:large, max-video-preview:-1\" \/>\n<link rel=\"canonical\" href=\"https:\/\/palinkaschef.hu\/de\/palinkaschef-miert-nem-csak-fozok-hanem-estet-epitek\/\" \/>\n<meta property=\"og:locale\" content=\"de_DE\" \/>\n<meta property=\"og:type\" content=\"article\" \/>\n<meta property=\"og:title\" content=\"P\u00e1link\u00e1sChef \u2013 mi\u00e9rt nem csak \u201ef\u0151z\u00f6k\u201d, hanem est\u00e9t \u00e9p\u00edtek\" \/>\n<meta property=\"og:description\" content=\"P\u00e1link\u00e1sChef, mi\u00e9rt nem csak \u201ef\u0151z\u00f6k\u201d, hanem est\u00e9t \u00e9p\u00edtek. Van az a vacsora, amire m\u00e1snap is eml\u00e9kszel. Nem az\u00e9rt, mert bonyolult volt\" \/>\n<meta property=\"og:url\" content=\"https:\/\/palinkaschef.hu\/de\/palinkaschef-miert-nem-csak-fozok-hanem-estet-epitek\/\" \/>\n<meta property=\"og:site_name\" content=\"P\u00e1link\u00e1s Chef\" \/>\n<meta property=\"article:published_time\" content=\"2026-01-29T19:12:40+00:00\" \/>\n<meta property=\"article:modified_time\" content=\"2026-02-10T08:06:05+00:00\" \/>\n<meta property=\"og:image\" content=\"https:\/\/palinkaschef.hu\/wp-content\/uploads\/2025\/10\/P1134183-scaled.jpg\" \/>\n\t<meta property=\"og:image:width\" content=\"2560\" \/>\n\t<meta property=\"og:image:height\" content=\"1707\" \/>\n\t<meta property=\"og:image:type\" content=\"image\/jpeg\" \/>\n<meta name=\"author\" content=\"piritottUser\" \/>\n<meta name=\"twitter:card\" content=\"summary_large_image\" \/>\n<meta name=\"twitter:label1\" content=\"Verfasst von\" \/>\n\t<meta name=\"twitter:data1\" content=\"piritottUser\" \/>\n\t<meta name=\"twitter:label2\" content=\"Gesch\u00e4tzte Lesezeit\" \/>\n\t<meta name=\"twitter:data2\" content=\"3\u00a0Minuten\" \/>\n<script type=\"application\/ld+json\" class=\"yoast-schema-graph\">{\"@context\":\"https:\/\/schema.org\",\"@graph\":[{\"@type\":\"Article\",\"@id\":\"https:\/\/palinkaschef.hu\/palinkaschef-miert-nem-csak-fozok-hanem-estet-epitek\/#article\",\"isPartOf\":{\"@id\":\"https:\/\/palinkaschef.hu\/palinkaschef-miert-nem-csak-fozok-hanem-estet-epitek\/\"},\"author\":{\"name\":\"piritottUser\",\"@id\":\"https:\/\/palinkaschef.hu\/#\/schema\/person\/c65f30614022c7e25258b65237ea6c42\"},\"headline\":\"P\u00e1link\u00e1sChef \u2013 mi\u00e9rt nem csak \u201ef\u0151z\u00f6k\u201d, hanem est\u00e9t \u00e9p\u00edtek\",\"datePublished\":\"2026-01-29T19:12:40+00:00\",\"dateModified\":\"2026-02-10T08:06:05+00:00\",\"mainEntityOfPage\":{\"@id\":\"https:\/\/palinkaschef.hu\/palinkaschef-miert-nem-csak-fozok-hanem-estet-epitek\/\"},\"wordCount\":311,\"publisher\":{\"@id\":\"https:\/\/palinkaschef.hu\/#organization\"},\"image\":{\"@id\":\"https:\/\/palinkaschef.hu\/palinkaschef-miert-nem-csak-fozok-hanem-estet-epitek\/#primaryimage\"},\"thumbnailUrl\":\"https:\/\/palinkaschef.hu\/wp-content\/uploads\/2025\/10\/P1134183-scaled.jpg\",\"keywords\":[\"\u00e9lm\u00e9nyvacsora\",\"k\u00fcl\u00f6nleges este\",\"nem csak f\u0151z\u00e9s\",\"p\u00e1link\u00e1schef szolg\u00e1ltat\u00e1s\"],\"articleSection\":[\"Esem\u00e9nyek\",\"Gondolataim\"],\"inLanguage\":\"de\"},{\"@type\":\"WebPage\",\"@id\":\"https:\/\/palinkaschef.hu\/palinkaschef-miert-nem-csak-fozok-hanem-estet-epitek\/\",\"url\":\"https:\/\/palinkaschef.hu\/palinkaschef-miert-nem-csak-fozok-hanem-estet-epitek\/\",\"name\":\"P\u00e1link\u00e1sChef \u2013 mi\u00e9rt nem csak \u201ef\u0151z\u00f6k\u201d, hanem est\u00e9t \u00e9p\u00edtek - P\u00e1link\u00e1s Chef\",\"isPartOf\":{\"@id\":\"https:\/\/palinkaschef.hu\/#website\"},\"primaryImageOfPage\":{\"@id\":\"https:\/\/palinkaschef.hu\/palinkaschef-miert-nem-csak-fozok-hanem-estet-epitek\/#primaryimage\"},\"image\":{\"@id\":\"https:\/\/palinkaschef.hu\/palinkaschef-miert-nem-csak-fozok-hanem-estet-epitek\/#primaryimage\"},\"thumbnailUrl\":\"https:\/\/palinkaschef.hu\/wp-content\/uploads\/2025\/10\/P1134183-scaled.jpg\",\"datePublished\":\"2026-01-29T19:12:40+00:00\",\"dateModified\":\"2026-02-10T08:06:05+00:00\",\"description\":\"P\u00e1link\u00e1sChef, mi\u00e9rt nem csak \u201ef\u0151z\u00f6k\u201d, hanem est\u00e9t \u00e9p\u00edtek. Van az a vacsora, amire m\u00e1snap is eml\u00e9kszel. Nem az\u00e9rt, mert bonyolult volt\",\"breadcrumb\":{\"@id\":\"https:\/\/palinkaschef.hu\/palinkaschef-miert-nem-csak-fozok-hanem-estet-epitek\/#breadcrumb\"},\"inLanguage\":\"de\",\"potentialAction\":[{\"@type\":\"ReadAction\",\"target\":[\"https:\/\/palinkaschef.hu\/palinkaschef-miert-nem-csak-fozok-hanem-estet-epitek\/\"]}]},{\"@type\":\"ImageObject\",\"inLanguage\":\"de\",\"@id\":\"https:\/\/palinkaschef.hu\/palinkaschef-miert-nem-csak-fozok-hanem-estet-epitek\/#primaryimage\",\"url\":\"https:\/\/palinkaschef.hu\/wp-content\/uploads\/2025\/10\/P1134183-scaled.jpg\",\"contentUrl\":\"https:\/\/palinkaschef.hu\/wp-content\/uploads\/2025\/10\/P1134183-scaled.jpg\",\"width\":2560,\"height\":1707,\"caption\":\"priv\u00e1t s\u00e9f priv\u00e1t s\u00e9f Budapest s\u00e9f otthon s\u00e9f rendel\u00e9s h\u00e1zhoz szem\u00e9lyes s\u00e9f szolg\u00e1ltat\u00e1s priv\u00e1t vacsora otthon s\u00e9f \u00e9lm\u00e9ny otthon otthoni s\u00e9f szolg\u00e1ltat\u00e1s\"},{\"@type\":\"BreadcrumbList\",\"@id\":\"https:\/\/palinkaschef.hu\/palinkaschef-miert-nem-csak-fozok-hanem-estet-epitek\/#breadcrumb\",\"itemListElement\":[{\"@type\":\"ListItem\",\"position\":1,\"name\":\"Kezd\u0151lap\",\"item\":\"https:\/\/palinkaschef.hu\/\"},{\"@type\":\"ListItem\",\"position\":2,\"name\":\"P\u00e1link\u00e1sChef \u2013 mi\u00e9rt nem csak \u201ef\u0151z\u00f6k\u201d, hanem est\u00e9t \u00e9p\u00edtek\"}]},{\"@type\":\"WebSite\",\"@id\":\"https:\/\/palinkaschef.hu\/#website\",\"url\":\"https:\/\/palinkaschef.hu\/\",\"name\":\"P\u00e1link\u00e1s Chef\",\"description\":\"Priv\u00e1t Chef\",\"publisher\":{\"@id\":\"https:\/\/palinkaschef.hu\/#organization\"},\"potentialAction\":[{\"@type\":\"SearchAction\",\"target\":{\"@type\":\"EntryPoint\",\"urlTemplate\":\"https:\/\/palinkaschef.hu\/?s={search_term_string}\"},\"query-input\":{\"@type\":\"PropertyValueSpecification\",\"valueRequired\":true,\"valueName\":\"search_term_string\"}}],\"inLanguage\":\"de\"},{\"@type\":\"Organization\",\"@id\":\"https:\/\/palinkaschef.hu\/#organization\",\"name\":\"P\u00e1link\u00e1s Chef\",\"url\":\"https:\/\/palinkaschef.hu\/\",\"logo\":{\"@type\":\"ImageObject\",\"inLanguage\":\"de\",\"@id\":\"https:\/\/palinkaschef.hu\/#\/schema\/logo\/image\/\",\"url\":\"https:\/\/palinkaschef.hu\/wp-content\/uploads\/2025\/08\/palinkaschef.hu_.png\",\"contentUrl\":\"https:\/\/palinkaschef.hu\/wp-content\/uploads\/2025\/08\/palinkaschef.hu_.png\",\"width\":1080,\"height\":1080,\"caption\":\"P\u00e1link\u00e1s Chef\"},\"image\":{\"@id\":\"https:\/\/palinkaschef.hu\/#\/schema\/logo\/image\/\"}},{\"@type\":\"Person\",\"@id\":\"https:\/\/palinkaschef.hu\/#\/schema\/person\/c65f30614022c7e25258b65237ea6c42\",\"name\":\"piritottUser\",\"image\":{\"@type\":\"ImageObject\",\"inLanguage\":\"de\",\"@id\":\"https:\/\/palinkaschef.hu\/#\/schema\/person\/image\/\",\"url\":\"https:\/\/secure.gravatar.com\/avatar\/4e1932f7e180f25c5963f14eea803fa49a3544bbd4e812f1a8dad36f95174ce4?s=96&d=mm&r=g\",\"contentUrl\":\"https:\/\/secure.gravatar.com\/avatar\/4e1932f7e180f25c5963f14eea803fa49a3544bbd4e812f1a8dad36f95174ce4?s=96&d=mm&r=g\",\"caption\":\"piritottUser\"},\"sameAs\":[\"https:\/\/www.palinkaschef.hu\"],\"url\":\"https:\/\/palinkaschef.hu\/de\/author\/piritottuser\/\"}]}<\/script>\n<!-- \/ Yoast SEO Premium plugin. -->","yoast_head_json":{"title":"P\u00e1link\u00e1sChef \u2013 mi\u00e9rt nem csak \u201ef\u0151z\u00f6k\u201d, hanem est\u00e9t \u00e9p\u00edtek - P\u00e1link\u00e1s Chef","description":"P\u00e1link\u00e1sChef, mi\u00e9rt nem csak \u201ef\u0151z\u00f6k\u201d, hanem est\u00e9t \u00e9p\u00edtek. Van az a vacsora, amire m\u00e1snap is eml\u00e9kszel. Nem az\u00e9rt, mert bonyolult volt","robots":{"index":"index","follow":"follow","max-snippet":"max-snippet:-1","max-image-preview":"max-image-preview:large","max-video-preview":"max-video-preview:-1"},"canonical":"https:\/\/palinkaschef.hu\/de\/palinkaschef-miert-nem-csak-fozok-hanem-estet-epitek\/","og_locale":"de_DE","og_type":"article","og_title":"P\u00e1link\u00e1sChef \u2013 mi\u00e9rt nem csak \u201ef\u0151z\u00f6k\u201d, hanem est\u00e9t \u00e9p\u00edtek","og_description":"P\u00e1link\u00e1sChef, mi\u00e9rt nem csak \u201ef\u0151z\u00f6k\u201d, hanem est\u00e9t \u00e9p\u00edtek. Van az a vacsora, amire m\u00e1snap is eml\u00e9kszel. Nem az\u00e9rt, mert bonyolult volt","og_url":"https:\/\/palinkaschef.hu\/de\/palinkaschef-miert-nem-csak-fozok-hanem-estet-epitek\/","og_site_name":"P\u00e1link\u00e1s Chef","article_published_time":"2026-01-29T19:12:40+00:00","article_modified_time":"2026-02-10T08:06:05+00:00","og_image":[{"width":2560,"height":1707,"url":"https:\/\/palinkaschef.hu\/wp-content\/uploads\/2025\/10\/P1134183-scaled.jpg","type":"image\/jpeg"}],"author":"piritottUser","twitter_card":"summary_large_image","twitter_misc":{"Verfasst von":"piritottUser","Gesch\u00e4tzte Lesezeit":"3\u00a0Minuten"},"schema":{"@context":"https:\/\/schema.org","@graph":[{"@type":"Article","@id":"https:\/\/palinkaschef.hu\/palinkaschef-miert-nem-csak-fozok-hanem-estet-epitek\/#article","isPartOf":{"@id":"https:\/\/palinkaschef.hu\/palinkaschef-miert-nem-csak-fozok-hanem-estet-epitek\/"},"author":{"name":"piritottUser","@id":"https:\/\/palinkaschef.hu\/#\/schema\/person\/c65f30614022c7e25258b65237ea6c42"},"headline":"P\u00e1link\u00e1sChef \u2013 mi\u00e9rt nem csak \u201ef\u0151z\u00f6k\u201d, hanem est\u00e9t \u00e9p\u00edtek","datePublished":"2026-01-29T19:12:40+00:00","dateModified":"2026-02-10T08:06:05+00:00","mainEntityOfPage":{"@id":"https:\/\/palinkaschef.hu\/palinkaschef-miert-nem-csak-fozok-hanem-estet-epitek\/"},"wordCount":311,"publisher":{"@id":"https:\/\/palinkaschef.hu\/#organization"},"image":{"@id":"https:\/\/palinkaschef.hu\/palinkaschef-miert-nem-csak-fozok-hanem-estet-epitek\/#primaryimage"},"thumbnailUrl":"https:\/\/palinkaschef.hu\/wp-content\/uploads\/2025\/10\/P1134183-scaled.jpg","keywords":["\u00e9lm\u00e9nyvacsora","k\u00fcl\u00f6nleges este","nem csak f\u0151z\u00e9s","p\u00e1link\u00e1schef szolg\u00e1ltat\u00e1s"],"articleSection":["Esem\u00e9nyek","Gondolataim"],"inLanguage":"de"},{"@type":"WebPage","@id":"https:\/\/palinkaschef.hu\/palinkaschef-miert-nem-csak-fozok-hanem-estet-epitek\/","url":"https:\/\/palinkaschef.hu\/palinkaschef-miert-nem-csak-fozok-hanem-estet-epitek\/","name":"P\u00e1link\u00e1sChef \u2013 mi\u00e9rt nem csak \u201ef\u0151z\u00f6k\u201d, hanem est\u00e9t \u00e9p\u00edtek - P\u00e1link\u00e1s Chef","isPartOf":{"@id":"https:\/\/palinkaschef.hu\/#website"},"primaryImageOfPage":{"@id":"https:\/\/palinkaschef.hu\/palinkaschef-miert-nem-csak-fozok-hanem-estet-epitek\/#primaryimage"},"image":{"@id":"https:\/\/palinkaschef.hu\/palinkaschef-miert-nem-csak-fozok-hanem-estet-epitek\/#primaryimage"},"thumbnailUrl":"https:\/\/palinkaschef.hu\/wp-content\/uploads\/2025\/10\/P1134183-scaled.jpg","datePublished":"2026-01-29T19:12:40+00:00","dateModified":"2026-02-10T08:06:05+00:00","description":"P\u00e1link\u00e1sChef, mi\u00e9rt nem csak \u201ef\u0151z\u00f6k\u201d, hanem est\u00e9t \u00e9p\u00edtek. Van az a vacsora, amire m\u00e1snap is eml\u00e9kszel. Nem az\u00e9rt, mert bonyolult volt","breadcrumb":{"@id":"https:\/\/palinkaschef.hu\/palinkaschef-miert-nem-csak-fozok-hanem-estet-epitek\/#breadcrumb"},"inLanguage":"de","potentialAction":[{"@type":"ReadAction","target":["https:\/\/palinkaschef.hu\/palinkaschef-miert-nem-csak-fozok-hanem-estet-epitek\/"]}]},{"@type":"ImageObject","inLanguage":"de","@id":"https:\/\/palinkaschef.hu\/palinkaschef-miert-nem-csak-fozok-hanem-estet-epitek\/#primaryimage","url":"https:\/\/palinkaschef.hu\/wp-content\/uploads\/2025\/10\/P1134183-scaled.jpg","contentUrl":"https:\/\/palinkaschef.hu\/wp-content\/uploads\/2025\/10\/P1134183-scaled.jpg","width":2560,"height":1707,"caption":"priv\u00e1t s\u00e9f priv\u00e1t s\u00e9f Budapest s\u00e9f otthon s\u00e9f rendel\u00e9s h\u00e1zhoz szem\u00e9lyes s\u00e9f szolg\u00e1ltat\u00e1s priv\u00e1t vacsora otthon s\u00e9f \u00e9lm\u00e9ny otthon otthoni s\u00e9f szolg\u00e1ltat\u00e1s"},{"@type":"BreadcrumbList","@id":"https:\/\/palinkaschef.hu\/palinkaschef-miert-nem-csak-fozok-hanem-estet-epitek\/#breadcrumb","itemListElement":[{"@type":"ListItem","position":1,"name":"Kezd\u0151lap","item":"https:\/\/palinkaschef.hu\/"},{"@type":"ListItem","position":2,"name":"P\u00e1link\u00e1sChef \u2013 mi\u00e9rt nem csak \u201ef\u0151z\u00f6k\u201d, hanem est\u00e9t \u00e9p\u00edtek"}]},{"@type":"WebSite","@id":"https:\/\/palinkaschef.hu\/#website","url":"https:\/\/palinkaschef.hu\/","name":"P\u00e1link\u00e1s Chef","description":"Priv\u00e1t Chef","publisher":{"@id":"https:\/\/palinkaschef.hu\/#organization"},"potentialAction":[{"@type":"SearchAction","target":{"@type":"EntryPoint","urlTemplate":"https:\/\/palinkaschef.hu\/?s={search_term_string}"},"query-input":{"@type":"PropertyValueSpecification","valueRequired":true,"valueName":"search_term_string"}}],"inLanguage":"de"},{"@type":"Organization","@id":"https:\/\/palinkaschef.hu\/#organization","name":"P\u00e1link\u00e1s Chef","url":"https:\/\/palinkaschef.hu\/","logo":{"@type":"ImageObject","inLanguage":"de","@id":"https:\/\/palinkaschef.hu\/#\/schema\/logo\/image\/","url":"https:\/\/palinkaschef.hu\/wp-content\/uploads\/2025\/08\/palinkaschef.hu_.png","contentUrl":"https:\/\/palinkaschef.hu\/wp-content\/uploads\/2025\/08\/palinkaschef.hu_.png","width":1080,"height":1080,"caption":"P\u00e1link\u00e1s Chef"},"image":{"@id":"https:\/\/palinkaschef.hu\/#\/schema\/logo\/image\/"}},{"@type":"Person","@id":"https:\/\/palinkaschef.hu\/#\/schema\/person\/c65f30614022c7e25258b65237ea6c42","name":"piritottUser","image":{"@type":"ImageObject","inLanguage":"de","@id":"https:\/\/palinkaschef.hu\/#\/schema\/person\/image\/","url":"https:\/\/secure.gravatar.com\/avatar\/4e1932f7e180f25c5963f14eea803fa49a3544bbd4e812f1a8dad36f95174ce4?s=96&d=mm&r=g","contentUrl":"https:\/\/secure.gravatar.com\/avatar\/4e1932f7e180f25c5963f14eea803fa49a3544bbd4e812f1a8dad36f95174ce4?s=96&d=mm&r=g","caption":"piritottUser"},"sameAs":["https:\/\/www.palinkaschef.hu"],"url":"https:\/\/palinkaschef.hu\/de\/author\/piritottuser\/"}]}},"_links":{"self":[{"href":"https:\/\/palinkaschef.hu\/de\/wp-json\/wp\/v2\/posts\/2104","targetHints":{"allow":["GET"]}}],"collection":[{"href":"https:\/\/palinkaschef.hu\/de\/wp-json\/wp\/v2\/posts"}],"about":[{"href":"https:\/\/palinkaschef.hu\/de\/wp-json\/wp\/v2\/types\/post"}],"author":[{"embeddable":true,"href":"https:\/\/palinkaschef.hu\/de\/wp-json\/wp\/v2\/users\/1"}],"replies":[{"embeddable":true,"href":"https:\/\/palinkaschef.hu\/de\/wp-json\/wp\/v2\/comments?post=2104"}],"version-history":[{"count":13,"href":"https:\/\/palinkaschef.hu\/de\/wp-json\/wp\/v2\/posts\/2104\/revisions"}],"predecessor-version":[{"id":2189,"href":"https:\/\/palinkaschef.hu\/de\/wp-json\/wp\/v2\/posts\/2104\/revisions\/2189"}],"wp:featuredmedia":[{"embeddable":true,"href":"https:\/\/palinkaschef.hu\/de\/wp-json\/wp\/v2\/media\/1923"}],"wp:attachment":[{"href":"https:\/\/palinkaschef.hu\/de\/wp-json\/wp\/v2\/media?parent=2104"}],"wp:term":[{"taxonomy":"category","embeddable":true,"href":"https:\/\/palinkaschef.hu\/de\/wp-json\/wp\/v2\/categories?post=2104"},{"taxonomy":"post_tag","embeddable":true,"href":"https:\/\/palinkaschef.hu\/de\/wp-json\/wp\/v2\/tags?post=2104"}],"curies":[{"name":"wp","href":"https:\/\/api.w.org\/{rel}","templated":true}]}}